{"id":507891,"date":"2025-11-03T01:34:10","date_gmt":"2025-11-03T01:34:10","guid":{"rendered":"https:\/\/www.europesays.com\/fr\/507891\/"},"modified":"2025-11-03T01:34:10","modified_gmt":"2025-11-03T01:34:10","slug":"classement-atp-race-2025-n1-mondial-masters-tous-les-scenarios","status":"publish","type":"post","link":"https:\/\/www.europesays.com\/fr\/507891\/","title":{"rendered":"Classement ATP Race 2025 \u2013 N\u00b01 mondial, Masters : tous les sc\u00e9narios"},"content":{"rendered":"<p>\tClassement ATP Race 2025 \u2013 N\u00b01 mondial, Masters : tous les sc\u00e9narios<\/p>\n<p>\t\t\t\t<a href=\"https:\/\/www.universtennis.com\/\" target=\"_blank\" rel=\"noopener\">Univers Tennis<\/a>  Num\u00e9ro 1 mondial, derni\u00e8re place pour Turin : tous les sc\u00e9narios \u00e0 conna\u00eetre avant le d\u00e9nouement de la saison<\/p>\n","protected":false},"excerpt":{"rendered":"Classement ATP Race 2025 \u2013 N\u00b01 mondial, Masters : tous les sc\u00e9narios Univers Tennis Num\u00e9ro 1 mondial, derni\u00e8re&hellip;\n","protected":false},"author":2,"featured_media":507892,"comment_status":"","ping_status":"","sticky":false,"template":"","format":"standard","meta":{"footnotes":""},"categories":[1415],"tags":[62964,1011,27,60,1467],"class_list":{"0":"post-507891","1":"post","2":"type-post","3":"status-publish","4":"format-standard","5":"has-post-thumbnail","7":"category-tennis","8":"tag-atp-finals","9":"tag-fr","10":"tag-france","11":"tag-sports","12":"tag-tennis"},"share_on_mastodon":{"url":"https:\/\/pubeurope.com\/@fr\/115483198283809985","error":""},"_links":{"self":[{"href":"https:\/\/www.europesays.com\/fr\/wp-json\/wp\/v2\/posts\/507891","targetHints":{"allow":["GET"]}}],"collection":[{"href":"https:\/\/www.europesays.com\/fr\/wp-json\/wp\/v2\/posts"}],"about":[{"href":"https:\/\/www.europesays.com\/fr\/wp-json\/wp\/v2\/types\/post"}],"author":[{"embeddable":true,"href":"https:\/\/www.europesays.com\/fr\/wp-json\/wp\/v2\/users\/2"}],"replies":[{"embeddable":true,"href":"https:\/\/www.europesays.com\/fr\/wp-json\/wp\/v2\/comments?post=507891"}],"version-history":[{"count":0,"href":"https:\/\/www.europesays.com\/fr\/wp-json\/wp\/v2\/posts\/507891\/revisions"}],"wp:featuredmedia":[{"embeddable":true,"href":"https:\/\/www.europesays.com\/fr\/wp-json\/wp\/v2\/media\/507892"}],"wp:attachment":[{"href":"https:\/\/www.europesays.com\/fr\/wp-json\/wp\/v2\/media?parent=507891"}],"wp:term":[{"taxonomy":"category","embeddable":true,"href":"https:\/\/www.europesays.com\/fr\/wp-json\/wp\/v2\/categories?post=507891"},{"taxonomy":"post_tag","embeddable":true,"href":"https:\/\/www.europesays.com\/fr\/wp-json\/wp\/v2\/tags?post=507891"}],"curies":[{"name":"wp","href":"https:\/\/api.w.org\/{rel}","templated":true}]}}