{"id":507896,"date":"2025-11-03T01:40:12","date_gmt":"2025-11-03T01:40:12","guid":{"rendered":"https:\/\/www.europesays.com\/fr\/507896\/"},"modified":"2025-11-03T01:40:12","modified_gmt":"2025-11-03T01:40:12","slug":"michel-sardou-sans-filtre-face-a-audrey-crespo-mara-sur-tf1","status":"publish","type":"post","link":"https:\/\/www.europesays.com\/fr\/507896\/","title":{"rendered":"Michel Sardou sans filtre face \u00e0 Audrey Crespo-Mara sur TF1"},"content":{"rendered":"<p>    Michel Sardou dans \u00abSept \u00e0 huit\u00bb.<br \/>\n                Capture \u00e9cran.<\/p>\n<p>\n    Le chanteur a prouv\u00e9 une fois de plus son temp\u00e9rament rebelle, ce dimanche dans le portrait de \u00abSept \u00e0 huit\u00bb qui lui est consacr\u00e9.<\/p>\n<p class=\"fig-paragraph\">Un artiste qui assume ses opinions. Certains diront que<strong>\u00a0<\/strong><a href=\"http:\/\/www.lefigaro.fr\/politique\/les-deux-ecoles-quand-michel-sardou-chantait-la-bataille-entre-le-public-et-le-prive-20250808\" target=\"_blank\" data-fig-type=\"Article\" rel=\"noopener\" data-gtm-custom-categorie=\"navigation\" data-gtm-custom-action=\"crossclick\" data-gtm-custom-label=\"Contextuel\" data-gtm-event=\"customEventSPE\" data-fig-domain=\"LEFIGARO\"><strong>Michel Sardou<\/strong><\/a> \u00a0est un bon client pour\u00a0<a href=\"http:\/\/tvmag.lefigaro.fr\/programme-tv\/actu-tele\/certains-se-sont-invites-les-revelations-d-audrey-crespo-mara-sur-les-obseques-de-thierry-ardisson-20250922\" target=\"_blank\" data-fig-type=\"Article\" rel=\"noopener\" data-gtm-custom-categorie=\"navigation\" data-gtm-custom-action=\"crossclick\" data-gtm-custom-label=\"Contextuel\" data-gtm-event=\"customEventSPE\" data-fig-domain=\"TVMAG\"><strong>Audrey Crespo-Mara<\/strong><\/a> \u00a0qui propose son portrait ce dimanche 2 novembre dans \u00abSept \u00e0 huit\u00bb. Le chanteur n\u2019a pas h\u00e9sit\u00e9 \u00e0 jouer franc-jeu tandis que la journaliste de TF1 \u00e9voque sa carri\u00e8re, son soutien \u00e0 Nicolas Sarkozy ou encore son opposition contre les f\u00e9ministes.<\/p>\n<p class=\"fig-paragraph\">Un bilan de vie qu\u2019Audrey Crespo-Mara tente de creuser aupr\u00e8s du chanteur de 78 ans qui ne se laisse pas faire. \u00abIl y a des questions emmerdantes quand m\u00eame\u00bb, commente-t-il. Point d\u2019affront entre les interlocuteurs complices. Preuve en est, le rire hors-champ de la journaliste. Dans ses souvenirs marquants de sa vie, Michel Sardou cite son mariage avec la journaliste Anne-Marie P\u00e9rier. Leur union est c\u00e9l\u00e9br\u00e9e en 1999 \u00e0 la mairie de Neuilly-sur-Seine par un certain Nicolas Sarkozy.<\/p>\n<p>                                    <a class=\"fig-a11y-skip a11y-hidden\" href=\"#fig-a11y-skip-main-inarticle\"><br \/>\n        Passer la publicit\u00e9<br \/>\n    <\/a><\/p>\n<p>\u00abUn homme qui voulait se battre\u00bb<\/p>\n<p class=\"fig-paragraph\">L\u2019entretien est l\u2019occasion pour le chanteur de renouveler son soutien \u00e0 l\u2019ancien pr\u00e9sident de la R\u00e9publique, incarc\u00e9r\u00e9 depuis le 21 octobre \u00e0 la prison de la Sant\u00e9, \u00e0 Paris. \u00abJe l\u2019ai eu au t\u00e9l\u00e9phone, j\u2019ai eu un homme qui voulait se battre\u00bb, t\u00e9moigne Michel Sardou avant d\u2019exprimer le fond de sa pens\u00e9e sur l\u2019affaire\u00a0: \u00abCela ne m\u2019a pas plu du tout qu\u2019on mette en prison un pr\u00e9sident de la R\u00e9publique. Cela ne se fait pas.\u00bb<\/p>\n<p class=\"fig-paragraph\">\u00abIl y en a eu deux avant lui. Louis XVI et P\u00e9tain. Lui, c\u2019est le troisi\u00e8me. La justice fait son boulot. Qu\u2019elle ait raison ou tort, je ne suis pas comp\u00e9tent et je ne vais pas me lancer l\u00e0-dedans. Mais, int\u00e9rieurement, \u00e7a m\u2019a g\u00ean\u00e9, fait de la peine. J\u2019ai dit \u201con est mal barr\u00e9 si on commence \u00e0 mettre les pr\u00e9sidents en prison\u201d\u00bb, ajoute-t-il.<\/p>\n<p class=\"fig-paragraph\">Une amiti\u00e9 affirm\u00e9e et assum\u00e9e. Aux antipodes de son sentiment envers les f\u00e9ministes \u00abqui ont toujours tort\u00bb. Certaines femmes engag\u00e9es critiquent les paroles de ses chansons. \u00abC\u2019est comme au th\u00e9\u00e2tre, je joue un r\u00f4le. Je ne dis pas qui je suis. Je peux avoir une position dans une chanson et \u00eatre le contraire dans la chanson qui suit. Pour moi, c\u2019est un m\u00e9tier de menteur. Les f\u00e9ministes qui prennent \u00e7a au pied de la lettre sont des connes\u00bb, conclut-il \u00abcarr\u00e9ment\u00bb, comme le souligne Audrey Crespo-Mara.<\/p>\n","protected":false},"excerpt":{"rendered":"Michel Sardou dans \u00abSept \u00e0 huit\u00bb. Capture \u00e9cran. Le chanteur a prouv\u00e9 une fois de plus son temp\u00e9rament&hellip;\n","protected":false},"author":2,"featured_media":507897,"comment_status":"","ping_status":"","sticky":false,"template":"","format":"standard","meta":{"footnotes":""},"categories":[1359],"tags":[17979,58,59,1011,27,30040,973],"class_list":{"0":"post-507896","1":"post","2":"type-post","3":"status-publish","4":"format-standard","5":"has-post-thumbnail","7":"category-people","8":"tag-audrey-crespo-mara","9":"tag-divertissement","10":"tag-entertainment","11":"tag-fr","12":"tag-france","13":"tag-michel-sardou","14":"tag-people"},"share_on_mastodon":{"url":"https:\/\/pubeurope.com\/@fr\/115483221885711426","error":""},"_links":{"self":[{"href":"https:\/\/www.europesays.com\/fr\/wp-json\/wp\/v2\/posts\/507896","targetHints":{"allow":["GET"]}}],"collection":[{"href":"https:\/\/www.europesays.com\/fr\/wp-json\/wp\/v2\/posts"}],"about":[{"href":"https:\/\/www.europesays.com\/fr\/wp-json\/wp\/v2\/types\/post"}],"author":[{"embeddable":true,"href":"https:\/\/www.europesays.com\/fr\/wp-json\/wp\/v2\/users\/2"}],"replies":[{"embeddable":true,"href":"https:\/\/www.europesays.com\/fr\/wp-json\/wp\/v2\/comments?post=507896"}],"version-history":[{"count":0,"href":"https:\/\/www.europesays.com\/fr\/wp-json\/wp\/v2\/posts\/507896\/revisions"}],"wp:featuredmedia":[{"embeddable":true,"href":"https:\/\/www.europesays.com\/fr\/wp-json\/wp\/v2\/media\/507897"}],"wp:attachment":[{"href":"https:\/\/www.europesays.com\/fr\/wp-json\/wp\/v2\/media?parent=507896"}],"wp:term":[{"taxonomy":"category","embeddable":true,"href":"https:\/\/www.europesays.com\/fr\/wp-json\/wp\/v2\/categories?post=507896"},{"taxonomy":"post_tag","embeddable":true,"href":"https:\/\/www.europesays.com\/fr\/wp-json\/wp\/v2\/tags?post=507896"}],"curies":[{"name":"wp","href":"https:\/\/api.w.org\/{rel}","templated":true}]}}