{"id":507917,"date":"2025-11-03T01:52:12","date_gmt":"2025-11-03T01:52:12","guid":{"rendered":"https:\/\/www.europesays.com\/fr\/507917\/"},"modified":"2025-11-03T01:52:12","modified_gmt":"2025-11-03T01:52:12","slug":"les-urgences-du-chu-de-caen-nauront-plus-dinternes-a-partir-de-lundi-une-situation-extremement-rare","status":"publish","type":"post","link":"https:\/\/www.europesays.com\/fr\/507917\/","title":{"rendered":"Les urgences du CHU de Caen n\u2019auront plus d\u2019internes \u00e0 partir de lundi\u00a0: une situation \u00ab\u00a0extr\u00eamement rare\u00a0\u00bb"},"content":{"rendered":"<p>        <img decoding=\"async\" loading=\"lazy\" src=\"https:\/\/www.europesays.com\/fr\/wp-content\/uploads\/2025\/11\/58df1db_upload-1-s622sm7nfqnd-afp-20200930-hl-qbassetti-1231038-v1-highres-francechucaen.jpg\"  width=\"728\" height=\"409\" alt=\"Le CHU de Caen, photographi\u00e9 en septembre 2020.\"\/>  <\/p>\n<p>QUENTIN BASSETTI \/ Hans Lucas via AFP<\/p>\n<p>Le CHU de Caen, photographi\u00e9 en septembre 2020.<\/p>\n<p class=\"asset asset-text\">SANT\u00c9 &#8211; Une nouvelle illustration que l\u2019h\u00f4pital public est en souffrance. Les <a href=\"https:\/\/www.huffingtonpost.fr\/france\/article\/cette-etude-a-calcule-le-temps-passe-aux-urgences-et-il-a-augmente-beaucoup-en-10-ans_247646.html\" target=\"_blank\" rel=\"noopener nofollow\" title=\"Nouvelle fen\u00eatre\">urgences<\/a> du CHU de Caen ne pourront plus accueillir d\u2019internes \u00e0 partir de ce lundi 3\u00a0novembre, faute de <a href=\"https:\/\/www.huffingtonpost.fr\/life\/article\/certaines-personnes-tombent-malades-plus-souvent-que-les-autres-et-ces-medecins-ont-une-explication_256390.html\" target=\"_blank\" rel=\"noopener nofollow\" title=\"Nouvelle fen\u00eatre\">m\u00e9decins<\/a> pour les encadrer. Cette situation est \u00ab\u00a0extr\u00eamement rare\u00a0\u00bb, estime M\u00e9lanie Debarreix, pr\u00e9sidente de l\u2019Intersyndicale nationale des internes (Isni), <a href=\"https:\/\/www.lemonde.fr\/societe\/article\/2025\/10\/31\/au-chu-de-caen-les-urgences-contraintes-de-se-passer-d-internes-faute-de-medecins-pour-les-encadrer_6650360_3224.html\" target=\"_blank\" rel=\"noopener nofollow\" title=\"Nouvelle fen\u00eatre\">aupr\u00e8s du Monde<\/a>.<\/p>\n<p class=\"asset asset-text\">\u00ab\u00a0Il n\u2019y avait pas assez de m\u00e9decins exp\u00e9riment\u00e9s permettant un encadrement satisfaisant des internes\u00a0\u00bb, pointe-t-elle dans un entretien \u00e0 l\u2019AFP. Les conditions d\u2019encadrement des internes \u00ab\u00a0n\u2019\u00e9taient pas satisfaisantes, il y a eu des saisines et certains \u00e9taient en surcharge \u00e9motionnelle\u00a0\u00bb. \u00ab\u00a0Dans le service, il devrait y avoir six m\u00e9decins, mais il n\u2019y en avait que trois. Cela avait une r\u00e9percussion sur la sant\u00e9 des internes\u00a0\u00bb, explique encore M\u00e9lanie Debarreix \u00e0 l\u2019AFP.<\/p>\n<p class=\"asset asset-text\">\u00c0 compter de ce lundi, les urgences, d\u00e9j\u00e0 en sous-effectif, devront donc se passer du renfort des internes sur le deuxi\u00e8me semestre, de novembre jusqu\u2019\u00e0 mai. Selon l\u2019Isni, cela repr\u00e9sente notamment vingt internes en moins \u00e0 disposition du service hospitalier de Caen. Ces jeunes m\u00e9decins concern\u00e9s devraient \u00eatre r\u00e9affect\u00e9s dans d\u2019autres services, ou m\u00eame dans d\u2019autres h\u00f4pitaux de la r\u00e9gion.<\/p>\n<p class=\"asset asset-text\">\u00ab\u00a0C\u2019est une situation tr\u00e8s rare, mais le plus important, c\u2019est que tout \u00e7a se fasse sans impact sur leur formation\u00a0\u00bb, poursuit M\u00e9lanie Debarreix, regrettant que les \u00ab\u00a0internes soient les variables d\u2019ajustement et une main-d\u2019\u0153uvre facile\u00a0\u00bb.<\/p>\n<p>                     \u00ab\u00a0Triple d\u00e9fi\u00a0\u00bb    <\/p>\n<p class=\"asset asset-text\">La direction de l\u2019\u00e9tablissement, cit\u00e9e dans Le Monde, esp\u00e8re trouver \u00ab\u00a0des renforts issus des autres sp\u00e9cialit\u00e9s du CHU\u00a0\u00bb.<\/p>\n<p class=\"asset asset-text\">\u00ab\u00a0\u00c0 Caen comme ailleurs, le CHU fait face \u00e0 un triple d\u00e9fi, un afflux constant de patients, souvent \u00e2g\u00e9s, parfois sans autre solution que l\u2019h\u00f4pital, une difficult\u00e9 majeure de recrutement de m\u00e9decins urgentistes, et une difficult\u00e9 r\u00e9currente \u00e0 trouver des lits d\u2019aval dans les \u00e9tablissements du territoire\u00a0\u00bb, a \u00e9crit la direction, selon Le Monde.<\/p>\n<p class=\"asset asset-text\">L\u2019Agence r\u00e9gionale de sant\u00e9 (ARS), dans un message relay\u00e9 par des m\u00e9dias locaux, <a href=\"https:\/\/www.francebleu.fr\/infos\/sante-sciences\/en-manque-de-medecins-les-urgences-du-chu-de-caen-n-accueilleront-pas-d-etudiants-internes-au-prochain-semestre-7039480\" target=\"_blank\" rel=\"noopener nofollow\" title=\"Nouvelle fen\u00eatre\">dont Ici Normandie<\/a>, a \u00e9voqu\u00e9 un travail en cours avec les m\u00e9decins g\u00e9n\u00e9ralistes pour leur demander \u00ab\u00a0une contribution active\u00a0\u00bb.<\/p>\n<p class=\"asset asset-text\">Mais ces manques ne sont pas propres \u00e0 l\u2019\u00e9tablissement caennais, a fustig\u00e9 M\u00e9lanie Debarreix. \u00ab\u00a0C\u2019est partout pareil en France\u00a0: les internes ont peur de parler derri\u00e8re, par crainte des r\u00e9percussions\u00a0\u00bb, a-t-elle affirm\u00e9, rappelant le r\u00f4le d\u2019\u00ab\u00a0alerte\u00a0\u00bb de l\u2019Isni.<\/p>\n<p class=\"asset asset-text\">\u00c0 Caen, \u00ab\u00a0on a eu de la chance d\u2019avoir l\u2019ARS et le CHU derri\u00e8re nous pour r\u00e9pondre \u00e0 cette urgence. Il valait mieux prendre cette d\u00e9cision, plut\u00f4t que d\u2019avoir des burn-out d\u2019internes derri\u00e8re\u00a0\u00bb.<\/p>\n","protected":false},"excerpt":{"rendered":"QUENTIN BASSETTI \/ Hans Lucas via AFP Le CHU de Caen, photographi\u00e9 en septembre 2020. SANT\u00c9 &#8211; Une&hellip;\n","protected":false},"author":2,"featured_media":507918,"comment_status":"","ping_status":"","sticky":false,"template":"","format":"standard","meta":{"footnotes":""},"categories":[4],"tags":[11,5492,1011,27,100,52676,6339,12,25,6444],"class_list":{"0":"post-507917","1":"post","2":"type-post","3":"status-publish","4":"format-standard","5":"has-post-thumbnail","7":"category-france","8":"tag-actualites","9":"tag-caen","10":"tag-fr","11":"tag-france","12":"tag-hopital","13":"tag-hopital-public","14":"tag-medecin","15":"tag-news","16":"tag-republique-francaise","17":"tag-urgences"},"share_on_mastodon":{"url":"https:\/\/pubeurope.com\/@fr\/115483269196374301","error":""},"_links":{"self":[{"href":"https:\/\/www.europesays.com\/fr\/wp-json\/wp\/v2\/posts\/507917","targetHints":{"allow":["GET"]}}],"collection":[{"href":"https:\/\/www.europesays.com\/fr\/wp-json\/wp\/v2\/posts"}],"about":[{"href":"https:\/\/www.europesays.com\/fr\/wp-json\/wp\/v2\/types\/post"}],"author":[{"embeddable":true,"href":"https:\/\/www.europesays.com\/fr\/wp-json\/wp\/v2\/users\/2"}],"replies":[{"embeddable":true,"href":"https:\/\/www.europesays.com\/fr\/wp-json\/wp\/v2\/comments?post=507917"}],"version-history":[{"count":0,"href":"https:\/\/www.europesays.com\/fr\/wp-json\/wp\/v2\/posts\/507917\/revisions"}],"wp:featuredmedia":[{"embeddable":true,"href":"https:\/\/www.europesays.com\/fr\/wp-json\/wp\/v2\/media\/507918"}],"wp:attachment":[{"href":"https:\/\/www.europesays.com\/fr\/wp-json\/wp\/v2\/media?parent=507917"}],"wp:term":[{"taxonomy":"category","embeddable":true,"href":"https:\/\/www.europesays.com\/fr\/wp-json\/wp\/v2\/categories?post=507917"},{"taxonomy":"post_tag","embeddable":true,"href":"https:\/\/www.europesays.com\/fr\/wp-json\/wp\/v2\/tags?post=507917"}],"curies":[{"name":"wp","href":"https:\/\/api.w.org\/{rel}","templated":true}]}}