{"id":507926,"date":"2025-11-03T02:02:22","date_gmt":"2025-11-03T02:02:22","guid":{"rendered":"https:\/\/www.europesays.com\/fr\/507926\/"},"modified":"2025-11-03T02:02:22","modified_gmt":"2025-11-03T02:02:22","slug":"lebrun-moregard-a-quelle-heure-et-sur-quelle-chaine-suivre-la-demi-finale-du-wtt-champions-de-montpellier","status":"publish","type":"post","link":"https:\/\/www.europesays.com\/fr\/507926\/","title":{"rendered":"Lebrun-Moregard : \u00e0 quelle heure et sur quelle cha\u00eene suivre la demi-finale du WTT Champions de Montpellier ?"},"content":{"rendered":"<p class=\"paragraph text_align_left lp-f-body-02\"><a href=\"https:\/\/www.leparisien.fr\/sports\/alexis-lebrun\/\" target=\"_blank\" rel=\"noreferrer noopener\">Alexis Lebrun<\/a> imitera-t-il son petit fr\u00e8re F\u00e9lix ? Un an apr\u00e8s le sacre de \u00ab F\u00e9f\u00e9 \u00bb au WTT Champions de Montpellier, le plus \u00e2g\u00e9 des deux frangins s\u2019est qualifi\u00e9 pour les demi-finales du tournoi disput\u00e9 dans une Sud de France Arena incandescente. <\/p>\n<p class=\"paragraph text_align_left lp-f-body-02\">Alexis Lebrun, 22 ans, a r\u00e9ussi une belle performance <a href=\"https:\/\/www.leparisien.fr\/sports\/tennis-de-table\/wtt-champions-de-montpellier-alexis-lebrun-sort-le-numero-10-mondial-pour-sinviter-dans-le-dernier-carre-01-11-2025-RJ65FFZ6BBAEXMBCA472PIX56U.php\" target=\"_blank\" rel=\"noreferrer noopener\">en dominant le Slov\u00e8ne Darko Jorgic<\/a>, qui le devance au classement mondial (10e contre 13e), 4 sets \u00e0 2 (8-11, 12-10, 11-7, 11-5, 6-11, 11-4).<\/p>\n<p class=\"paragraph text_align_left lp-f-body-02\">Il affrontera ce dimanche pour une place en finale le Su\u00e9dois Truls Moregard (23 ans), 5e mondial et m\u00e9daill\u00e9 d\u2019argent aux Jeux olympiques de Paris, pour entretenir l\u2019ambition de succ\u00e9der \u00e0 son jeune fr\u00e8re F\u00e9lix, vainqueur l\u2019an pass\u00e9 de ce tournoi du deuxi\u00e8me niveau mondial, \u00e9quivalent d\u2019un Masters 1000 en tennis.<\/p>\n<p class=\"paragraph text_align_left lp-f-body-02\">La confiance est de mise pour Alexis Lebrun qui reste sur deux victoires face au Su\u00e9dois aux Championnats d\u2019Europe et \u00e0 Montpellier l\u2019an pass\u00e9. La finale aura lieu plus tard dans l\u2019apr\u00e8s-midi, vers 17 heures. <\/p>\n<p class=\"paragraph text_align_left lp-f-body-02\"><b>La demi-finale du WTT Champions de Montpellier entre Alexis Lebrun et Truls Moregard est pr\u00e9vue ce dimanche 2 novembre \u00e0 partir de 13h15. Elle sera \u00e0 suivre sur les plateformes Youtube et Twitch de RMC Sport ainsi qu\u2019en direct comment\u00e9 sur <\/b><a href=\"https:\/\/www.leparisien.fr\/sports\/tennis-de-table\/\" target=\"_blank\" rel=\"noreferrer noopener\"><b>le site du parisien.fr<\/b><\/a><b>. <\/b><\/p>\n","protected":false},"excerpt":{"rendered":"Alexis Lebrun imitera-t-il son petit fr\u00e8re F\u00e9lix ? Un an apr\u00e8s le sacre de \u00ab F\u00e9f\u00e9 \u00bb au&hellip;\n","protected":false},"author":2,"featured_media":507927,"comment_status":"","ping_status":"","sticky":false,"template":"","format":"standard","meta":{"footnotes":""},"categories":[9599],"tags":[1111,11,1777,674,1011,27,2208,12,2680,25,60,16149],"class_list":{"0":"post-507926","1":"post","2":"type-post","3":"status-publish","4":"format-standard","5":"has-post-thumbnail","7":"category-montpellier","8":"tag-actu","9":"tag-actualites","10":"tag-eu","11":"tag-europe","12":"tag-fr","13":"tag-france","14":"tag-montpellier","15":"tag-news","16":"tag-occitanie","17":"tag-republique-francaise","18":"tag-sports","19":"tag-tennis-de-table"},"share_on_mastodon":{"url":"https:\/\/pubeurope.com\/@fr\/115483308393835165","error":""},"_links":{"self":[{"href":"https:\/\/www.europesays.com\/fr\/wp-json\/wp\/v2\/posts\/507926","targetHints":{"allow":["GET"]}}],"collection":[{"href":"https:\/\/www.europesays.com\/fr\/wp-json\/wp\/v2\/posts"}],"about":[{"href":"https:\/\/www.europesays.com\/fr\/wp-json\/wp\/v2\/types\/post"}],"author":[{"embeddable":true,"href":"https:\/\/www.europesays.com\/fr\/wp-json\/wp\/v2\/users\/2"}],"replies":[{"embeddable":true,"href":"https:\/\/www.europesays.com\/fr\/wp-json\/wp\/v2\/comments?post=507926"}],"version-history":[{"count":0,"href":"https:\/\/www.europesays.com\/fr\/wp-json\/wp\/v2\/posts\/507926\/revisions"}],"wp:featuredmedia":[{"embeddable":true,"href":"https:\/\/www.europesays.com\/fr\/wp-json\/wp\/v2\/media\/507927"}],"wp:attachment":[{"href":"https:\/\/www.europesays.com\/fr\/wp-json\/wp\/v2\/media?parent=507926"}],"wp:term":[{"taxonomy":"category","embeddable":true,"href":"https:\/\/www.europesays.com\/fr\/wp-json\/wp\/v2\/categories?post=507926"},{"taxonomy":"post_tag","embeddable":true,"href":"https:\/\/www.europesays.com\/fr\/wp-json\/wp\/v2\/tags?post=507926"}],"curies":[{"name":"wp","href":"https:\/\/api.w.org\/{rel}","templated":true}]}}