{"id":507928,"date":"2025-11-03T02:07:34","date_gmt":"2025-11-03T02:07:34","guid":{"rendered":"https:\/\/www.europesays.com\/fr\/507928\/"},"modified":"2025-11-03T02:07:34","modified_gmt":"2025-11-03T02:07:34","slug":"les-bons-plans-max-radio-du-03-11-au-09-11","status":"publish","type":"post","link":"https:\/\/www.europesays.com\/fr\/507928\/","title":{"rendered":"Les Bons Plans Max Radio du 03\/11 au 09\/11"},"content":{"rendered":"<p>Chaque semaine, retrouvez les meilleurs bons plans de Grenoble et Chamb\u00e9ry ! <br \/>Que vous soyez \u00e0 la recherche d&rsquo;activit\u00e9s, de sorties, d&rsquo;\u00e9v\u00e9nements ou de bonnes adresses, nous vous partageons tout ce qu&rsquo;il ne faut pas manquer.<\/p>\n<p>Les Bons Plans \u00e0 Grenoble :<\/p>\n<p> <b>Rendez-vous : jusqu&rsquo;au 11 novembre, de 10h \u00e0 19h, \u00e0 Alpexpo.<\/b><\/p>\n<p>\u00c9v\u00e9nement incontournable de la r\u00e9gion, la Foire de Grenoble vous accueille chaque ann\u00e9e pour partager ensemble un moment unique ! Avec ses univers d&rsquo;expositions et ses animations, la Foire de Grenoble propose une offre compl\u00e8te pour chacun.<\/p>\n<p>Retrouvez-en un seul lieu, une offre compl\u00e8te de produits et de services, mais \u00e9galement un programme riche: exposition immersive, \u00e9v\u00e8nements \u00e9ph\u00e9m\u00e8res les week-ends, animations vari\u00e9es et temps forts festifs et familiaux !<\/p>\n<p><a class=\"url\" href=\"https:\/\/www.grenoble-tourisme.com\/fr\/decouvrir\/evenements\/agenda\/detail\/la-foire-de-grenoble-2019-5089944\/\" target=\"_blank\" rel=\"nofollow noopener\">En savoir plus.<\/a><\/p>\n<tr>\n<td class=\"defaut\"><img loading=\"lazy\" decoding=\"async\" src=\"https:\/\/www.europesays.com\/fr\/wp-content\/uploads\/2025\/11\/1762135633_80_img\" width=\"295\" height=\"300\" border=\"0\" title=\"gczvc\"\/><\/td>\n<\/tr>\n<p> <b>Rendez-vous : du 4 au 7 novembre, au Palais des Sports.<\/b><\/p>\n<p>Les Rencontres Cin\u00e9 Montagne de Grenoble sont de retour pour vous faire vibrer durant 5 soir\u00e9es de projections de films de montagne !<\/p>\n<p>Tout au long de la semaine ce sont aussi des conf\u00e9rences, des animations, des rencontres et des ateliers en pr\u00e9sence de personnalit\u00e9s et d&rsquo;athl\u00e8tes reconnus, qui font de cet \u00e9v\u00e9nement un moment de convivialit\u00e9 unique autour de l&rsquo;univers montagnard !<\/p>\n<p>Cinq food-trucks et trois buvettes vous accompagnent tout au long de la semaine pour mettre les petits plats dans les grands et profiter de sp\u00e9cialit\u00e9s locales et bio.<\/p>\n<p><a class=\"url\" href=\"https:\/\/www.grenoble-tourisme.com\/fr\/decouvrir\/evenements\/agenda\/detail\/rencontres-cine-montagne-383854\/\" target=\"_blank\" rel=\"nofollow noopener\">En savoir plus.<\/a><\/p>\n<tr>\n<td class=\"defaut\"><a href=\"https:\/\/www.radioscoop.com\/agenda\/javascript:void(0)\" onclick=\"parent.RS.diaporama.addMedia(713234) ;\" rel=\"nofollow noopener\" target=\"_blank\"><img loading=\"lazy\" decoding=\"async\" src=\"https:\/\/www.europesays.com\/fr\/wp-content\/uploads\/2025\/11\/1762135636_173_img\" width=\"640\" height=\"427\" border=\"0\" title=\"bdqbvfj\"\/><\/a><\/td>\n<\/tr>\n<p> <b>Rendez-vous : le 6 novembre, de 19h30 \u00e0 20h30, au Prisme De Seyssins.<\/b><\/p>\n<p>Un spectacle o\u00f9 la contrainte et la libert\u00e9 se rencontrent, \u00e9voquant les \u00e9preuves, les d\u00e9couvertes et l&rsquo;espoir qu&rsquo;engendre la maladie.<\/p>\n<p>Jesse, atteint de mucoviscidose, vit avec un concentrateur d&rsquo;oxyg\u00e8nes qui le maintient en vie, mais ne l&#8217;emp\u00eache pas de r\u00eaver. Avec une capacit\u00e9 pulmonaire de 40%, Jesse refuse de renoncer \u00e0 sa passion : le cirque. Sur sc\u00e8ne il d\u00e9fie la maladie. <br \/>Accompagn\u00e9 de son amie et d&rsquo;un m\u00e2t chinois, il explore la r\u00e9silience, l&rsquo;acceptation, et le d\u00e9passement de soi.<\/p>\n<p><a class=\"url\" href=\"https:\/\/www.grenoble-tourisme.com\/fr\/decouvrir\/evenements\/agenda\/detail\/a-2-metres-7331126\/\" target=\"_blank\" rel=\"nofollow noopener\">Je prends ma place !<\/a><\/p>\n<tr>\n<td class=\"defaut\"><a href=\"https:\/\/www.radioscoop.com\/agenda\/javascript:void(0)\" onclick=\"parent.RS.diaporama.addMedia(713236) ;\" rel=\"nofollow noopener\" target=\"_blank\"><img loading=\"lazy\" decoding=\"async\" src=\"https:\/\/www.europesays.com\/fr\/wp-content\/uploads\/2025\/11\/1762135639_368_img\" width=\"640\" height=\"427\" border=\"0\" title=\"hfhvszk\"\/><\/a><\/td>\n<\/tr>\n<p> <b>Rendez-vous : le 7 novembre, \u00e0 18h30, \u00e0 l&rsquo;Espace 600, sc\u00e8ne d&rsquo;int\u00e9r\u00eat national \u00ab\u00a0art, enfance, jeunesse\u00a0\u00bb (Le Patio).<\/b><\/p>\n<p>Une histoire de foot, d&rsquo;espoir et d&rsquo;amiti\u00e9 !<\/p>\n<p><a class=\"url\" href=\"https:\/\/www.grenoble-tourisme.com\/fr\/decouvrir\/evenements\/agenda\/detail\/trois-minutes-de-temps-additionnel-7561923\/\" target=\"_blank\" rel=\"nofollow noopener\">Je prends ma place !<\/a><\/p>\n<tr>\n<td class=\"defaut\"><a href=\"https:\/\/www.radioscoop.com\/agenda\/javascript:void(0)\" onclick=\"parent.RS.diaporama.addMedia(713237) ;\" rel=\"nofollow noopener\" target=\"_blank\"><img loading=\"lazy\" decoding=\"async\" src=\"https:\/\/www.europesays.com\/fr\/wp-content\/uploads\/2025\/11\/1762135641_336_img\" width=\"640\" height=\"427\" border=\"0\" title=\"vgfchvg\"\/><\/a><\/td>\n<\/tr>\n<p> <b>Rendez-vous : le 7 novembre, \u00e0 20h, au Summum.<\/b><\/p>\n<p>DAVID HALLYDAY pr\u00e9sente REQUIEM POUR UN FOU, un show 100 % Hallyday. Artiste multi-r\u00e9compens\u00e9, il a sign\u00e9 SANG POUR SANG, l&rsquo;album le plus vendu de son p\u00e8re, marquant leur r\u00e9conciliation et une page forte de la musique fran\u00e7aise.<\/p>\n<p><a class=\"url\" href=\"https:\/\/www.grenoble-tourisme.com\/fr\/decouvrir\/evenements\/agenda\/detail\/requiem-pour-un-fou-7380821\/\" target=\"_blank\" rel=\"nofollow noopener\">Je prends ma place !<\/a><\/p>\n<tr>\n<td class=\"defaut\"><a href=\"https:\/\/www.radioscoop.com\/agenda\/javascript:void(0)\" onclick=\"parent.RS.diaporama.addMedia(713326) ;\" rel=\"nofollow noopener\" target=\"_blank\"><img loading=\"lazy\" decoding=\"async\" src=\"https:\/\/www.europesays.com\/fr\/wp-content\/uploads\/2025\/11\/1762135644_713_img\" width=\"427\" height=\"640\" border=\"0\" title=\"hdvhsgr\"\/><\/a><\/td>\n<\/tr>\n<p> <b>Rendez-vous : le 8 et 9 novembre, de 22h \u00e0 4h, \u00e0 la Belle Electrique.<\/b><\/p>\n<p>Le label Chinese Man Records vient f\u00eater ses 20 ans \u00e0 La Belle \u00c9lectrique le 08 novembre 2025<\/p>\n<p>Chinese Man Records f\u00eate ses 20 ans !<br \/>L&rsquo;occasion pour le label de s&rsquo;offrir une petite vir\u00e9e a travers la France afin de c\u00e9l\u00e9brer ses 20 ans d&rsquo;ind\u00e9pendance !<br \/>5 dates exclusives au format \u00ab\u00a0club\u00a0\u00bb entre Octobre et Novembre 2025.<br \/>Au programme : une immersion totale dans l&rsquo;univers du label entre DJ Sets, Lives, Mc&rsquo;s et quelques surprises in\u00e9dites pour une nuit br\u00fblante 100% Chinese Man Records.<br \/>Rejoins-nous \u00e0 La Belle \u00c9lectrique le Samedi 8 Novembre pour f\u00eater \u00e7a comme il se doit !<\/p>\n<p><a class=\"url\" href=\"https:\/\/www.grenoble-tourisme.com\/fr\/decouvrir\/evenements\/agenda\/detail\/chinese-man-records-7391680\/\" target=\"_blank\" rel=\"nofollow noopener\">Je prends ma place !<\/a><\/p>\n<tr>\n<td class=\"defaut\"><a href=\"https:\/\/www.radioscoop.com\/agenda\/javascript:void(0)\" onclick=\"parent.RS.diaporama.addMedia(713327) ;\" rel=\"nofollow noopener\" target=\"_blank\"><img loading=\"lazy\" decoding=\"async\" src=\"https:\/\/www.europesays.com\/fr\/wp-content\/uploads\/2025\/11\/1762135647_568_img\" width=\"512\" height=\"640\" border=\"0\" title=\"cvhvhv\"\/><\/a><\/td>\n<\/tr>\n<p> <b>Rendez-vous : le 8 et 9 novembre, de 10h \u00e0 18h30, au Prisme.<\/b><\/p>\n<p>Venez d\u00e9couvrir de nombreuses races de chiots, rencontrer des \u00e9leveurs professionnels s\u00e9lectionn\u00e9s et \u00e9changer avec des sp\u00e9cialistes du monde canin.<\/p>\n<p>Un rendez-vous incontournable pour tous les amoureux des chiens, les familles en qu\u00eate d&rsquo;un futur compagnon ou simplement les passionn\u00e9s d\u00e9sireux de d\u00e9couvrir diff\u00e9rentes races.<\/p>\n<p>Au programme :<br \/>\u2022 Pr\u00e9sentation de nombreuses races par des \u00e9leveurs professionnels passionn\u00e9s.<br \/>\u2022 Conseils sur l&rsquo;adoption, l&rsquo;\u00e9ducation, l&rsquo;alimentation et la sant\u00e9.<br \/>\u2022 Stands sp\u00e9cialis\u00e9s (accessoires, nutrition, services pour animaux).<br \/>\u2022 Contr\u00f4le v\u00e9t\u00e9rinaire local assur\u00e9, garantissant le bien-\u00eatre et la sant\u00e9 des chiots pr\u00e9sents.<\/p>\n<p>Organis\u00e9 par April Events, ce salon met en avant une adoption responsable et la sensibilisation au respect et au bien-\u00eatre animal.<br \/>Animaux ext\u00e9rieurs non admis (raisons r\u00e9glementaires et sanitaires)<\/p>\n<p>Important : Conform\u00e9ment \u00e0 la r\u00e9glementation en vigueur, tout futur adoptant doit avoir pris connaissance et t\u00e9l\u00e9charg\u00e9 au moins 7 jours avant l&rsquo;adoption le Certificat d&rsquo;Engagement et de Connaissance.<\/p>\n<p><a class=\"url\" href=\"https:\/\/www.grenoble-tourisme.com\/fr\/decouvrir\/evenements\/agenda\/detail\/salon-du-chiot-7561613\/\" target=\"_blank\" rel=\"nofollow noopener\">Je prends ma place !<\/a><\/p>\n<tr>\n<td class=\"defaut\"><img loading=\"lazy\" decoding=\"async\" src=\"https:\/\/www.europesays.com\/fr\/wp-content\/uploads\/2025\/11\/1762135649_595_img\" width=\"200\" height=\"280\" border=\"0\" title=\"gvhbkj\"\/><\/td>\n<\/tr>\n<p><p>Les Bons Plans \u00e0 Chamb\u00e9ry :<\/p>\n<p><\/p>\n<p> <b>Rendez-vous : le 8 et 9 novembre, de 10h \u00e0 18h, \u00e0 Savoiexpo.<\/b><\/p>\n<p>Un salon fait pour tous les futur.e.s Mari\u00e9.e.s et leurs accompagnant.e.s : nous organisons chaque ann\u00e9e, dans plusieurs villes de la r\u00e9gion Rh\u00f4ne-Alpes, des \u00e9v\u00e9nements pour vous permettre de cr\u00e9er le jour J de vos r\u00eaves.<\/p>\n<p>Au programme :<\/p>\n<p>Des d\u00e9fil\u00e9s : <br \/>Samedi &#8211;&gt; 14H30 &amp; 17H00<br \/>Dimanche &#8211;&gt; 11H30, 14H30 &amp; 17H00.<\/p>\n<p>De nombreux exposants \u00e0 venir rencontrer, retrouvez la liste d\u00e9taill\u00e9e sur le site du salon.<br \/>Invitations t\u00e9l\u00e9cheargables sur le site.<\/p>\n<p><a class=\"url\" href=\"https:\/\/lessalonsdumariage.fr\/les-salons\/salon-du-mariage-a-chambery\/\" target=\"_blank\" rel=\"nofollow noopener\">Je prends ma place !<\/a><\/p>\n<tr>\n<td class=\"defaut\"><a href=\"https:\/\/www.radioscoop.com\/agenda\/javascript:void(0)\" onclick=\"parent.RS.diaporama.addMedia(713328) ;\" rel=\"nofollow noopener\" target=\"_blank\"><img loading=\"lazy\" decoding=\"async\" src=\"https:\/\/www.europesays.com\/fr\/wp-content\/uploads\/2025\/11\/1762135651_953_img\" width=\"512\" height=\"640\" border=\"0\" title=\"chbjnk\"\/><\/a><\/td>\n<\/tr>\n<p> <b>Rendez-vous : le 8 novembre, de 20h \u00e0 21h30, au Phare.<\/b><\/p>\n<p>\u00c9voluant en Liqui Moly StarLigue, Chamb\u00e9ry Savoie Mont Blanc Handball est le club de handball professionnel de la r\u00e9gion.<\/p>\n<p>Pour sa 9\u00e8me journ\u00e9e de championnat, la Team Chamb\u00e9 re\u00e7oit Dijon Handball, dernier promu en Liquide Moly StarLigue.<\/p>\n<p>Dans cette premi\u00e8re partie de saison o\u00f9 tous les points sont bons \u00e0 prendre pour le classement g\u00e9n\u00e9ral, les Chamb\u00e9riens auront besoin de vous pour les encourager. <\/p>\n<p>Venez vibrer \u00e0 nos c\u00f4t\u00e9s et donner de la voix en r\u00e9servant votre place sur le site billetterie de la Team Chamb\u00e9 !<\/p>\n<p><a class=\"url\" href=\"https:\/\/www.chambery.fr\/agenda\/1161\/316-chambery-savoie-mont-blanc-handball-vs-dijon.htm\/\" target=\"_blank\" rel=\"nofollow noopener\">Je prends ma place !<\/a><\/p>\n<tr>\n<td class=\"defaut\"><a href=\"https:\/\/www.radioscoop.com\/agenda\/javascript:void(0)\" onclick=\"parent.RS.diaporama.addMedia(712478) ;\" rel=\"nofollow noopener\" target=\"_blank\"><img loading=\"lazy\" decoding=\"async\" src=\"https:\/\/www.europesays.com\/fr\/wp-content\/uploads\/2025\/11\/1762135654_488_img\" width=\"640\" height=\"427\" border=\"0\" title=\"bvdbsjhd\"\/><\/a><\/td>\n<\/tr>\n<p><\/p>\n","protected":false},"excerpt":{"rendered":"Chaque semaine, retrouvez les meilleurs bons plans de Grenoble et Chamb\u00e9ry ! Que vous soyez \u00e0 la recherche&hellip;\n","protected":false},"author":2,"featured_media":507929,"comment_status":"","ping_status":"","sticky":false,"template":"","format":"standard","meta":{"footnotes":""},"categories":[9566],"tags":[1111,11,2430,677,12362,1777,674,1011,27,2731,12,7518,25],"class_list":{"0":"post-507928","1":"post","2":"type-post","3":"status-publish","4":"format-standard","5":"has-post-thumbnail","7":"category-grenoble","8":"tag-actu","9":"tag-actualites","10":"tag-auvergne-rhone-alpes","11":"tag-bons-plans","12":"tag-chambry","13":"tag-eu","14":"tag-europe","15":"tag-fr","16":"tag-france","17":"tag-grenoble","18":"tag-news","19":"tag-octobre","20":"tag-republique-francaise"},"share_on_mastodon":{"url":"https:\/\/pubeurope.com\/@fr\/115483329027673164","error":""},"_links":{"self":[{"href":"https:\/\/www.europesays.com\/fr\/wp-json\/wp\/v2\/posts\/507928","targetHints":{"allow":["GET"]}}],"collection":[{"href":"https:\/\/www.europesays.com\/fr\/wp-json\/wp\/v2\/posts"}],"about":[{"href":"https:\/\/www.europesays.com\/fr\/wp-json\/wp\/v2\/types\/post"}],"author":[{"embeddable":true,"href":"https:\/\/www.europesays.com\/fr\/wp-json\/wp\/v2\/users\/2"}],"replies":[{"embeddable":true,"href":"https:\/\/www.europesays.com\/fr\/wp-json\/wp\/v2\/comments?post=507928"}],"version-history":[{"count":0,"href":"https:\/\/www.europesays.com\/fr\/wp-json\/wp\/v2\/posts\/507928\/revisions"}],"wp:featuredmedia":[{"embeddable":true,"href":"https:\/\/www.europesays.com\/fr\/wp-json\/wp\/v2\/media\/507929"}],"wp:attachment":[{"href":"https:\/\/www.europesays.com\/fr\/wp-json\/wp\/v2\/media?parent=507928"}],"wp:term":[{"taxonomy":"category","embeddable":true,"href":"https:\/\/www.europesays.com\/fr\/wp-json\/wp\/v2\/categories?post=507928"},{"taxonomy":"post_tag","embeddable":true,"href":"https:\/\/www.europesays.com\/fr\/wp-json\/wp\/v2\/tags?post=507928"}],"curies":[{"name":"wp","href":"https:\/\/api.w.org\/{rel}","templated":true}]}}