{"id":507934,"date":"2025-11-03T02:18:20","date_gmt":"2025-11-03T02:18:20","guid":{"rendered":"https:\/\/www.europesays.com\/fr\/507934\/"},"modified":"2025-11-03T02:18:20","modified_gmt":"2025-11-03T02:18:20","slug":"shake-them-all-trio-rock-nantais-nourri-aux-clash-defonce-les-murs-et-cest-un-regal","status":"publish","type":"post","link":"https:\/\/www.europesays.com\/fr\/507934\/","title":{"rendered":"\u00ab\u00a0Shake them all\u00a0\u00bb, trio rock nantais nourri aux Clash, d\u00e9fonce les murs et c\u2019est un r\u00e9gal"},"content":{"rendered":"<p>C\u2019est un r\u00e9el plaisir d\u2019\u00e9couter cet album intitul\u00e9 \u00ab\u00a0Smash their walls\u00a0\u00bb (\u00ab\u00a0Abattez les murs\u00a0\u00bb) concoct\u00e9 par le trio rock nantais Shake them all.<\/p>\n<p>Fond\u00e9 en 2021 lors de la pand\u00e9mie,\u00a0ce jeune groupe de vieux s\u2019est confin\u00e9 pour monter un r\u00e9pertoire \u00e9nergique et old school\u00a0, indique le chanteur guitariste Freddo, (Rue d\u2019la Gouaille et Six-8), en compagnie de Michel (Les Jambons, Ma Valise) et, \u00e0 la basse, Jid\u00e9 (Sanseverino, Jim Murple memorial).<\/p>\n<p>Entre punk rock brut\u2026 et influences carib\u00e9ennes<\/p>\n<p>Nourris aux Clash ou aux Members, leur style \u00a0oscille entre punk rock brut et influences carib\u00e9ennes\u00a0. L\u2019album s\u2019est construit en trois ans, depuis les premi\u00e8res s\u00e9ances de batteries chez D\u00efe Morg, puis chez Guillaume Escoffier. Il a \u00e9t\u00e9 mix\u00e9 par Jeff Moreau et produit par Dialektik Records (Steph Moreau), label punk Nantais. M\u00e9lodiques \u00e0 souhait, <a href=\"https:\/\/dialektikrecords.bandcamp.com\/track\/shake-the-all\" target=\"_parent\" rel=\"nofollow noopener\">les chansons<\/a> s\u2019articulent \u00a0autour de tranches de vie et de constats alarmants sur une plan\u00e8te qui part en sucette\u00a0.<\/p>\n<p>\u00a0<\/p>\n","protected":false},"excerpt":{"rendered":"C\u2019est un r\u00e9el plaisir d\u2019\u00e9couter cet album intitul\u00e9 \u00ab\u00a0Smash their walls\u00a0\u00bb (\u00ab\u00a0Abattez les murs\u00a0\u00bb) concoct\u00e9 par le trio&hellip;\n","protected":false},"author":2,"featured_media":507935,"comment_status":"","ping_status":"","sticky":false,"template":"","format":"standard","meta":{"footnotes":""},"categories":[2818],"tags":[1111,11,10343,12232,62969,1777,674,1011,27,18257,4715,766,12,62968,2636,59447,25,7040,32848,62967,13538],"class_list":{"0":"post-507934","1":"post","2":"type-post","3":"status-publish","4":"format-standard","5":"has-post-thumbnail","7":"category-nantes","8":"tag-actu","9":"tag-actualites","10":"tag-all","11":"tag-clash","12":"tag-defonce","13":"tag-eu","14":"tag-europe","15":"tag-fr","16":"tag-france","17":"tag-murs","18":"tag-nantais","19":"tag-nantes","20":"tag-news","21":"tag-nourri","22":"tag-pays-de-la-loire","23":"tag-regal","24":"tag-republique-francaise","25":"tag-rock","26":"tag-shake","27":"tag-them","28":"tag-trio"},"share_on_mastodon":{"url":"https:\/\/pubeurope.com\/@fr\/115483371365935049","error":""},"_links":{"self":[{"href":"https:\/\/www.europesays.com\/fr\/wp-json\/wp\/v2\/posts\/507934","targetHints":{"allow":["GET"]}}],"collection":[{"href":"https:\/\/www.europesays.com\/fr\/wp-json\/wp\/v2\/posts"}],"about":[{"href":"https:\/\/www.europesays.com\/fr\/wp-json\/wp\/v2\/types\/post"}],"author":[{"embeddable":true,"href":"https:\/\/www.europesays.com\/fr\/wp-json\/wp\/v2\/users\/2"}],"replies":[{"embeddable":true,"href":"https:\/\/www.europesays.com\/fr\/wp-json\/wp\/v2\/comments?post=507934"}],"version-history":[{"count":0,"href":"https:\/\/www.europesays.com\/fr\/wp-json\/wp\/v2\/posts\/507934\/revisions"}],"wp:featuredmedia":[{"embeddable":true,"href":"https:\/\/www.europesays.com\/fr\/wp-json\/wp\/v2\/media\/507935"}],"wp:attachment":[{"href":"https:\/\/www.europesays.com\/fr\/wp-json\/wp\/v2\/media?parent=507934"}],"wp:term":[{"taxonomy":"category","embeddable":true,"href":"https:\/\/www.europesays.com\/fr\/wp-json\/wp\/v2\/categories?post=507934"},{"taxonomy":"post_tag","embeddable":true,"href":"https:\/\/www.europesays.com\/fr\/wp-json\/wp\/v2\/tags?post=507934"}],"curies":[{"name":"wp","href":"https:\/\/api.w.org\/{rel}","templated":true}]}}