{"id":50794,"date":"2025-04-25T03:41:09","date_gmt":"2025-04-25T03:41:09","guid":{"rendered":"https:\/\/www.europesays.com\/fr\/50794\/"},"modified":"2025-04-25T03:41:09","modified_gmt":"2025-04-25T03:41:09","slug":"execution-dun-condamne-qui-avait-demande-a-mourir","status":"publish","type":"post","link":"https:\/\/www.europesays.com\/fr\/50794\/","title":{"rendered":"ex\u00e9cution d&rsquo;un condamn\u00e9 qui avait demand\u00e9 \u00e0 mourir"},"content":{"rendered":"<p class=\"fig-paragraph\">Un homme de 55 ans a \u00e9t\u00e9 ex\u00e9cut\u00e9 jeudi 24 avril en Alabama, dans le sud des \u00c9tats-Unis, pour le viol suivi du meurtre d&rsquo;une femme en 2010, apr\u00e8s avoir lui-m\u00eame demand\u00e9 \u00e0 \u00eatre mis \u00e0 mort. James Osgood a \u00e9t\u00e9 ex\u00e9cut\u00e9 par injection l\u00e9tale dans une prison d&rsquo;Atmore, ont annonc\u00e9 dans un communiqu\u00e9 les services judiciaires de l&rsquo;\u00c9tat d&rsquo;Alabama.<\/p>\n<p class=\"fig-paragraph\">L&rsquo;association Equal Justice Initiative (EJI), oppos\u00e9e \u00e0 la peine de mort, a indiqu\u00e9 dans un communiqu\u00e9 que le condamn\u00e9 avait lui-m\u00eame renonc\u00e9 \u00e0 d\u00e9poser un recours contre son ex\u00e9cution et avait demand\u00e9 dans une lettre \u00e0 ce qu&rsquo;il soit mis fin \u00e0 ses jours. Il avait \u00e9t\u00e9 reconnu coupable d&rsquo;avoir, en compagnie de sa petite amie, viol\u00e9, \u00e9gorg\u00e9 puis poignard\u00e9 en 2010 une m\u00e8re de famille de 44 ans du nom de Tracy Lynn Brown, a rapport\u00e9 le quotidien USA Today. La petite amie, apparent\u00e9e \u00e0 la victime, purge une peine de prison \u00e0 perp\u00e9tuit\u00e9, selon le journal.<\/p>\n<p>14 ex\u00e9cutions depuis le d\u00e9but de l\u2019ann\u00e9e<\/p>\n<p class=\"fig-paragraph\">EJI a estim\u00e9 que le condamn\u00e9 n&rsquo;avait pas eu droit \u00e0 un proc\u00e8s \u00e9quitable et que la justice avait ignor\u00e9 plusieurs circonstances att\u00e9nuantes: James Osgood avait \u00e9t\u00e9 abandonn\u00e9 \u00e0 la naissance, avait souffert de malnutrition, \u00e9t\u00e9 victime de violences sexuelles, \u00e9t\u00e9 admis en psychiatrie et tent\u00e9 de se suicider. L&rsquo;homme portait sur la t\u00eate une bosse laiss\u00e9e par un coup de batte de base-ball, comme le montre une photo publi\u00e9e par EJI.<\/p>\n<p class=\"fig-paragraph\"><a href=\"http:\/\/www.lefigaro.fr\/flash-actu\/record-du-nombre-d-executions-dans-le-monde-depuis-2015-selon-amnesty-20250408\" target=\"_blank\" data-fig-type=\"NewsFlash\" rel=\"noopener\" data-gtm-custom-categorie=\"navigation\" data-gtm-custom-action=\"crossclick\" data-gtm-custom-label=\"Contextuel\" data-gtm-event=\"customEventSPE\" data-fig-domain=\"LEFIGARO\">Quatorze ex\u00e9cutions<\/a>\u00a0ont eu lieu dans le pays depuis le d\u00e9but de l&rsquo;ann\u00e9e, dix par injection l\u00e9tale, deux par inhalation d&rsquo;azote, une m\u00e9thode controvers\u00e9e utilis\u00e9e pour la premi\u00e8re fois au monde par l&rsquo;Alabama en 2024, et deux par peloton d&rsquo;ex\u00e9cution en Caroline du Sud, utilis\u00e9e auparavant pour la derni\u00e8re fois aux \u00c9tats-Unis en 2010. La peine de mort a \u00e9t\u00e9 abolie dans 23 des 50 \u00c9tats am\u00e9ricains. Six autres (Arizona, Californie, Ohio, Oregon, Pennsylvanie, et Tennessee) observent un moratoire des ex\u00e9cutions sur d\u00e9cision du gouverneur.<\/p>\n","protected":false},"excerpt":{"rendered":"Un homme de 55 ans a \u00e9t\u00e9 ex\u00e9cut\u00e9 jeudi 24 avril en Alabama, dans le sud des \u00c9tats-Unis,&hellip;\n","protected":false},"author":2,"featured_media":50795,"comment_status":"","ping_status":"","sticky":false,"template":"","format":"standard","meta":{"footnotes":""},"categories":[1589],"tags":[1111,47,11,1109,1112,73,1866,118,1108,107,1106,1107,27,1110,1114,14,12,1113,942,316,1864,1865,1863,308],"class_list":{"0":"post-50794","1":"post","2":"type-post","3":"status-publish","4":"format-standard","5":"has-post-thumbnail","7":"category-etats-unis","8":"tag-actu","9":"tag-actualite","10":"tag-actualites","11":"tag-breves","12":"tag-depeches","13":"tag-etats-unis","14":"tag-etats-unis-damerique","15":"tag-faits-divers","16":"tag-fil","17":"tag-fil-info","18":"tag-flash","19":"tag-flash-actu","20":"tag-france","21":"tag-informations","22":"tag-infos","23":"tag-international","24":"tag-news","25":"tag-nouvelles","26":"tag-peine-de-mort","27":"tag-politique","28":"tag-united-states","29":"tag-united-states-of-america","30":"tag-us","31":"tag-usa"},"share_on_mastodon":{"url":"https:\/\/pubeurope.com\/@fr\/114396534316577498","error":""},"_links":{"self":[{"href":"https:\/\/www.europesays.com\/fr\/wp-json\/wp\/v2\/posts\/50794","targetHints":{"allow":["GET"]}}],"collection":[{"href":"https:\/\/www.europesays.com\/fr\/wp-json\/wp\/v2\/posts"}],"about":[{"href":"https:\/\/www.europesays.com\/fr\/wp-json\/wp\/v2\/types\/post"}],"author":[{"embeddable":true,"href":"https:\/\/www.europesays.com\/fr\/wp-json\/wp\/v2\/users\/2"}],"replies":[{"embeddable":true,"href":"https:\/\/www.europesays.com\/fr\/wp-json\/wp\/v2\/comments?post=50794"}],"version-history":[{"count":0,"href":"https:\/\/www.europesays.com\/fr\/wp-json\/wp\/v2\/posts\/50794\/revisions"}],"wp:featuredmedia":[{"embeddable":true,"href":"https:\/\/www.europesays.com\/fr\/wp-json\/wp\/v2\/media\/50795"}],"wp:attachment":[{"href":"https:\/\/www.europesays.com\/fr\/wp-json\/wp\/v2\/media?parent=50794"}],"wp:term":[{"taxonomy":"category","embeddable":true,"href":"https:\/\/www.europesays.com\/fr\/wp-json\/wp\/v2\/categories?post=50794"},{"taxonomy":"post_tag","embeddable":true,"href":"https:\/\/www.europesays.com\/fr\/wp-json\/wp\/v2\/tags?post=50794"}],"curies":[{"name":"wp","href":"https:\/\/api.w.org\/{rel}","templated":true}]}}