{"id":507945,"date":"2025-11-03T02:25:52","date_gmt":"2025-11-03T02:25:52","guid":{"rendered":"https:\/\/www.europesays.com\/fr\/507945\/"},"modified":"2025-11-03T02:25:52","modified_gmt":"2025-11-03T02:25:52","slug":"lille-angers-sco-les-notes-des-angevins-raolisoa-hors-du-coup-lefort-se-rate-au-pire-moment","status":"publish","type":"post","link":"https:\/\/www.europesays.com\/fr\/507945\/","title":{"rendered":"Lille &#8211; Angers Sco. Les notes des Angevins\u00a0: Raolisoa hors du coup, Lefort se rate au pire moment ."},"content":{"rendered":"<tr wp_automatic_readability=\"6.8727272727273\">\n<td valign=\"middle\" align=\"center\" class=\"col-logo\" wp_automatic_readability=\"5\">\n    <img decoding=\"async\" src=\"https:\/\/maville.com\/design\/images\/logo-of-monetise.svg?version=20130627\" alt=\"logo Ouest-France\" height=\"66\"\/><\/p>\n<p>Contenu r\u00e9serv\u00e9 aux abonn\u00e9s<\/p>\n<\/td>\n<td class=\"col-titre\">\n\t\t\tDimanche 02 novembre 2025 19:18<br \/>\n\t\t\t<a class=\"icon-bulle sizeL count\" href=\"#ancreAvis\"><br \/>\n\t&#8230;<br \/>\n<\/a><\/td>\n<\/tr>\n<p>\t\t<a class=\"mavillebox2 elmt-photo\" href=\"https:\/\/maville.com\/photosmvi\/2025\/11\/02\/P35558649D7047041G.jpg\" title=\" Jordan Lefort lors de la d\u00e9faite du Sco \u00e0 Lille.  \u00a9  AFP  \" rel=\"galerie_actu noopener\" target=\"_blank\"><br \/>\n\t<img decoding=\"async\" src=\"https:\/\/www.europesays.com\/fr\/wp-content\/uploads\/2025\/11\/P35558649D7047041G_crop_640-330_.jpg\" alt=\"photo  jordan lefort lors de la d\u00e9faite du sco \u00e0 lille.  \u00a9  afp \"\/><br \/>\n\t1<br \/>\n<\/a><\/p>\n<p class=\"elmt-legende\"> Jordan Lefort lors de la d\u00e9faite du Sco \u00e0 Lille.  \u00a9  AFP  <\/p>\n<p>\t\tAngers Sco d\u00e9fiait Lille sur sa pelouse ce dimanche 2\u00a0novembre pour le compte de la 11e journ\u00e9e de Ligue 1. Longtemps combatifs, les Angevins ont pay\u00e9 cher une phase d\u00e9fensive mal g\u00e9r\u00e9e juste avant la pause et conc\u00e8dent \u00e0 l\u2019arriv\u00e9e une courte d\u00e9faite (1-0). Les notes des joueurs.<\/p>\n<p><b>Cet article est r\u00e9serv\u00e9 aux abonn\u00e9s<\/b><\/p>\n<p>Pour un acc\u00e8s imm\u00e9diat, abonnez-vous<\/p>\n<p><b>1\u00e8re semaine offerte<\/b><\/p>\n<p>\t\t Hugo R\u00c9GNIER. \u00a0\u00a0<br \/>\n\t\tOuest-France<\/p>\n<p>Retrouvez d&rsquo;autres actus sur la commune de :<\/p>\n<p>\t\t&#13;<\/p>\n","protected":false},"excerpt":{"rendered":"Contenu r\u00e9serv\u00e9 aux abonn\u00e9s Dimanche 02 novembre 2025 19:18 &#8230; 1 Jordan Lefort lors de la d\u00e9faite du&hellip;\n","protected":false},"author":2,"featured_media":507946,"comment_status":"","ping_status":"","sticky":false,"template":"","format":"standard","meta":{"footnotes":""},"categories":[2815],"tags":[1111,11,1438,3809,1465,1777,674,63,1011,27,1792,811,1922,1307,12,25,479,517,1470],"class_list":{"0":"post-507945","1":"post","2":"type-post","3":"status-publish","4":"format-standard","5":"has-post-thumbnail","7":"category-lille","8":"tag-actu","9":"tag-actualites","10":"tag-angers","11":"tag-ball","12":"tag-basket","13":"tag-eu","14":"tag-europe","15":"tag-football","16":"tag-fr","17":"tag-france","18":"tag-handball","19":"tag-hauts-de-france","20":"tag-info","21":"tag-lille","22":"tag-news","23":"tag-republique-francaise","24":"tag-rugby","25":"tag-sport","26":"tag-volley"},"share_on_mastodon":{"url":"https:\/\/pubeurope.com\/@fr\/115483403432086077","error":""},"_links":{"self":[{"href":"https:\/\/www.europesays.com\/fr\/wp-json\/wp\/v2\/posts\/507945","targetHints":{"allow":["GET"]}}],"collection":[{"href":"https:\/\/www.europesays.com\/fr\/wp-json\/wp\/v2\/posts"}],"about":[{"href":"https:\/\/www.europesays.com\/fr\/wp-json\/wp\/v2\/types\/post"}],"author":[{"embeddable":true,"href":"https:\/\/www.europesays.com\/fr\/wp-json\/wp\/v2\/users\/2"}],"replies":[{"embeddable":true,"href":"https:\/\/www.europesays.com\/fr\/wp-json\/wp\/v2\/comments?post=507945"}],"version-history":[{"count":0,"href":"https:\/\/www.europesays.com\/fr\/wp-json\/wp\/v2\/posts\/507945\/revisions"}],"wp:featuredmedia":[{"embeddable":true,"href":"https:\/\/www.europesays.com\/fr\/wp-json\/wp\/v2\/media\/507946"}],"wp:attachment":[{"href":"https:\/\/www.europesays.com\/fr\/wp-json\/wp\/v2\/media?parent=507945"}],"wp:term":[{"taxonomy":"category","embeddable":true,"href":"https:\/\/www.europesays.com\/fr\/wp-json\/wp\/v2\/categories?post=507945"},{"taxonomy":"post_tag","embeddable":true,"href":"https:\/\/www.europesays.com\/fr\/wp-json\/wp\/v2\/tags?post=507945"}],"curies":[{"name":"wp","href":"https:\/\/api.w.org\/{rel}","templated":true}]}}