{"id":507948,"date":"2025-11-03T02:28:21","date_gmt":"2025-11-03T02:28:21","guid":{"rendered":"https:\/\/www.europesays.com\/fr\/507948\/"},"modified":"2025-11-03T02:28:21","modified_gmt":"2025-11-03T02:28:21","slug":"un-homme-grievement-blesse-par-balle-apres-avoir-ete-vise-par-plusieurs-tirs-2","status":"publish","type":"post","link":"https:\/\/www.europesays.com\/fr\/507948\/","title":{"rendered":"Un homme gri\u00e8vement bless\u00e9 par balle apr\u00e8s avoir \u00e9t\u00e9 vis\u00e9 par plusieurs tirs"},"content":{"rendered":"<p>Un homme d\u2019une trentaine d\u2019ann\u00e9es a \u00e9t\u00e9 gri\u00e8vement <a href=\"https:\/\/www.20minutes.fr\/faits_divers\/4182980-20251101-clermont-ferrand-mort-blesse-fusillades-nuit-halloween\" target=\"_blank\" class=\"c-link c-link--is-underlined\" rel=\"noopener\">bless\u00e9 par balle<\/a> samedi soir dans le 9e\u00a0arrondissement de <a href=\"https:\/\/www.20minutes.fr\/marseille\/\" class=\"c-link c-link--is-underlined\" target=\"_blank\" rel=\"noopener\">Marseille<\/a>, boulevard Romain-Rolland. Touch\u00e9 de deux impacts dans l\u2019abdomen, il se rendait sur un parking pour r\u00e9cup\u00e9rer une livraison de <a href=\"https:\/\/www.20minutes.fr\/dossier\/trafic_de_drogue\" class=\"c-link c-link--is-underlined\" target=\"_blank\" rel=\"noopener\">produits stup\u00e9fiants<\/a> au moment des faits, survenus peu apr\u00e8s 21 heures, selon <a href=\"https:\/\/www.laprovence.com\/article\/faits-divers-justice\/8065186899147514\/fusillade-a-marseille-un-homme-gravement-blesse-par-balle-dans-le-9e-arrondissement-samedi-soir\" rel=\"nofollow noopener\" target=\"_blank\" class=\"c-link c-link--is-underlined\">La Provence<\/a>.<\/p>\n<p>Alert\u00e9s par des riverains ayant entendu des rafales de tirs, les policiers et marins-pompiers ont d\u00e9couvert la victime en urgence absolue. Transport\u00e9e \u00e0 l\u2019h\u00f4pital, elle pr\u00e9sente un pronostic vital engag\u00e9. Sur place, une quinzaine d\u2019\u00e9tuis de 9 et 12\u00a0mm ont \u00e9t\u00e9 retrouv\u00e9s, dont certains issus d\u2019un fusil \u00e0 pompe.<\/p>\n<\/p>\n<p>Les tireurs en fuite<\/p>\n<p>Selon les premiers \u00e9l\u00e9ments de l\u2019enqu\u00eate confi\u00e9e \u00e0 la Division de la criminalit\u00e9 organis\u00e9e et sp\u00e9cialis\u00e9e (DCOS), plusieurs individus \u00e0 bord d\u2019un v\u00e9hicule de luxe auraient d\u00e9barqu\u00e9 avant d\u2019ouvrir le feu sur le trentenaire, puis pris la fuite. Connue des services de police pour usage de stup\u00e9fiants mais \u00ab\u00a0pas pour de la criminalit\u00e9 organis\u00e9e\u00a0\u00bb, la victime n\u2019\u00e9tait pas fich\u00e9e pour des faits graves.<\/p>\n","protected":false},"excerpt":{"rendered":"Un homme d\u2019une trentaine d\u2019ann\u00e9es a \u00e9t\u00e9 gri\u00e8vement bless\u00e9 par balle samedi soir dans le 9e\u00a0arrondissement de Marseille,&hellip;\n","protected":false},"author":2,"featured_media":507949,"comment_status":"","ping_status":"","sticky":false,"template":"","format":"standard","meta":{"footnotes":""},"categories":[2814],"tags":[1111,47,11,6376,885,5143,1777,674,118,7505,1011,27,19456,3832,884,12,883,882,25],"class_list":{"0":"post-507948","1":"post","2":"type-post","3":"status-publish","4":"format-standard","5":"has-post-thumbnail","7":"category-marseille","8":"tag-actu","9":"tag-actualite","10":"tag-actualites","11":"tag-armes","12":"tag-bouches-du-rhone","13":"tag-coups-de-feu","14":"tag-eu","15":"tag-europe","16":"tag-faits-divers","17":"tag-faits-divers-marseille","18":"tag-fr","19":"tag-france","20":"tag-fusil","21":"tag-fusillade","22":"tag-marseille","23":"tag-news","24":"tag-paca","25":"tag-provence-alpes-cote-dazur","26":"tag-republique-francaise"},"share_on_mastodon":{"url":"https:\/\/pubeurope.com\/@fr\/115483410724792422","error":""},"_links":{"self":[{"href":"https:\/\/www.europesays.com\/fr\/wp-json\/wp\/v2\/posts\/507948","targetHints":{"allow":["GET"]}}],"collection":[{"href":"https:\/\/www.europesays.com\/fr\/wp-json\/wp\/v2\/posts"}],"about":[{"href":"https:\/\/www.europesays.com\/fr\/wp-json\/wp\/v2\/types\/post"}],"author":[{"embeddable":true,"href":"https:\/\/www.europesays.com\/fr\/wp-json\/wp\/v2\/users\/2"}],"replies":[{"embeddable":true,"href":"https:\/\/www.europesays.com\/fr\/wp-json\/wp\/v2\/comments?post=507948"}],"version-history":[{"count":0,"href":"https:\/\/www.europesays.com\/fr\/wp-json\/wp\/v2\/posts\/507948\/revisions"}],"wp:featuredmedia":[{"embeddable":true,"href":"https:\/\/www.europesays.com\/fr\/wp-json\/wp\/v2\/media\/507949"}],"wp:attachment":[{"href":"https:\/\/www.europesays.com\/fr\/wp-json\/wp\/v2\/media?parent=507948"}],"wp:term":[{"taxonomy":"category","embeddable":true,"href":"https:\/\/www.europesays.com\/fr\/wp-json\/wp\/v2\/categories?post=507948"},{"taxonomy":"post_tag","embeddable":true,"href":"https:\/\/www.europesays.com\/fr\/wp-json\/wp\/v2\/tags?post=507948"}],"curies":[{"name":"wp","href":"https:\/\/api.w.org\/{rel}","templated":true}]}}