{"id":507958,"date":"2025-11-03T02:34:15","date_gmt":"2025-11-03T02:34:15","guid":{"rendered":"https:\/\/www.europesays.com\/fr\/507958\/"},"modified":"2025-11-03T02:34:15","modified_gmt":"2025-11-03T02:34:15","slug":"jannik-sinner-triomphe-pour-la-premiere-fois-et-reprend-le-pouvoir","status":"publish","type":"post","link":"https:\/\/www.europesays.com\/fr\/507958\/","title":{"rendered":"Jannik Sinner triomphe pour la premi\u00e8re fois et reprend le pouvoir"},"content":{"rendered":"<p>\n    Ce dimanche \u00e0 Paris la D\u00e9fense Arena, l\u2019Italien a domin\u00e9 en deux sets le Canadien F\u00e9lix Auger-Aliassime. Il d\u00e9croche son premier titre en Masters 1000 de la saison et redevient num\u00e9ro un mondial.<\/p>\n<p class=\"fig-paragraph\">Jamais titr\u00e9 dans la capitale, Sinner a d\u00e9bloqu\u00e9 le compteur\u00a0<a href=\"https:\/\/www.lefigaro.fr\/sports\/tennis\/live\/paris-masters-messieurs-2025\/406991\/auger-aliassime-sinner\" data-fig-type=\"Live\" data-gtm-custom-categorie=\"navigation\" data-gtm-custom-action=\"crossclick\" data-gtm-custom-label=\"Contextuel\" data-gtm-event=\"customEventSPE\" data-fig-domain=\"LEFIGARO\" target=\"_blank\" rel=\"noopener\">en dominant sans vraiment trembler le Canadien F\u00e9lix Auger-Aliassime<\/a>. Mais le 10e mondial n\u2019a pas d\u00e9m\u00e9rit\u00e9, tout proche d\u2019arracher le deuxi\u00e8me set. Mais ce Sinner d\u2019acier a ma\u00eetris\u00e9 le jeu d\u00e9cisif, lui qui n\u2019a jamais eu \u00e0 \u00e9carter une balle de break de toute la rencontre. Plus r\u00e9gulier que son adversaire qui subit sa deuxi\u00e8me d\u00e9faite en finale d\u2019un Masters 1000 (apr\u00e8s Madrid en 2024).<\/p>\n<p class=\"fig-paragraph\">Le champion de 24 ans remporte un cinqui\u00e8me titre en 2025, apr\u00e8s l\u2019Open d\u2019Australie, Wimbledon, P\u00e9kin et Vienne. Son deuxi\u00e8me cons\u00e9cutif apr\u00e8s l\u2019Autriche la semaine derni\u00e8re, son premier Masters 1000 de la saison (le 5e en carri\u00e8re) et son 23e titre. \u00abC\u2019est impossible que je termine num\u00e9ro un \u00e0 la fin de l\u2019ann\u00e9e\u00bb. En arrivant \u00e0 Paris, Jannik Sinner avait \u00e9t\u00e9 cat\u00e9gorique. Domin\u00e9 par son rival Carlos Alcaraz en finale de l\u2019US Open le 8 septembre dernier, l<a href=\"http:\/\/www.lefigaro.fr\/sports\/tennis\/us-open\/tennis-comment-carlos-alcaraz-a-pris-l-ascendant-sur-son-grand-rival-jannik-sinner-20250908\" data-fig-type=\"Article\" data-gtm-custom-categorie=\"navigation\" data-gtm-custom-action=\"crossclick\" data-gtm-custom-label=\"Contextuel\" data-gtm-event=\"customEventSPE\" data-fig-domain=\"LEFIGARO\" target=\"_blank\" rel=\"noopener\">\u2019Italien avait c\u00e9d\u00e9 la premi\u00e8re place du classement ATP,<\/a>\u00a0qu\u2019il occupait depuis 65 semaines.<\/p>\n<p>                                    <a class=\"fig-a11y-skip a11y-hidden\" href=\"#fig-a11y-skip-main-inarticle\"><br \/>\n        Passer la publicit\u00e9<br \/>\n    <\/a><\/p>\n<p>Il peut terminer num\u00e9ro 1 \u00e0 la fin de l\u2019ann\u00e9e<\/p>\n<p class=\"fig-paragraph\">La d\u00e9faite surprise d\u2019un\u00a0<a href=\"http:\/\/www.lefigaro.fr\/sports\/tennis\/rolex-paris-masters-norrie-fait-tomber-alcaraz-20251028\" data-fig-type=\"NewsFlash\" data-gtm-custom-categorie=\"navigation\" data-gtm-custom-action=\"crossclick\" data-gtm-custom-label=\"Contextuel\" data-gtm-event=\"customEventSPE\" data-fig-domain=\"LEFIGARO\" target=\"_blank\" rel=\"noopener\">Alcaraz fantomatique lors<\/a>\u00a0de son entr\u00e9e en lice mardi soir face \u00e0 Cameron Norrie a chang\u00e9 un peu la donne. En remportant le tournoi, Sinner repasse devant son rival et maintient la pression sur Alcaraz, encore en ballottage favorable pour terminer l\u2019ann\u00e9e au sommet. Car l\u2019Italien est de nouveau condamn\u00e9 \u00e0 d\u00e9crocher le titre aux ATP finals \u00e0 domicile \u00e0 Turin. Carlos Alcaraz, lui doit gagner, \u00abseulement\u00bb ses trois matches de poule pour assurer de terminer tout en haut sur le tr\u00f4ne. Lui qui n\u2019a encore jamais vraiment brill\u00e9 en deux participations, devra toutefois \u00e9lever son nouveau de jeu pour \u00e9viter, ce qui serait un sacr\u00e9 hold-up.<\/p>\n<p class=\"fig-paragraph\">Vite fait, tr\u00e8s bien fait. Parfois g\u00ean\u00e9 physiquement au cours de la semaine parisienne, Sinner n\u2019a pourtant perdu aucun set et a encha\u00een\u00e9 ce dimanche une 26e victoire de suite avec un toit sur la t\u00eate. Exempt\u00e9 de premier tour, le num\u00e9ro 2 mondial a d\u00e9roul\u00e9 ensuite contre Zizou Bergs (6-4-6-2), Francisco Cerundolo (7-5, 6-1), Ben Shelton (6-3, 6-3), avant d\u2019humilier Zverev (6-0, 6-1) en un peu plus d\u2019une heure. Un peu contest\u00e9 en finale, il a \u00e9t\u00e9 le plus fort dans les moments cl\u00e9s. En nouveau roi du circuit.<\/p>\n","protected":false},"excerpt":{"rendered":"Ce dimanche \u00e0 Paris la D\u00e9fense Arena, l\u2019Italien a domin\u00e9 en deux sets le Canadien F\u00e9lix Auger-Aliassime. Il&hellip;\n","protected":false},"author":2,"featured_media":507959,"comment_status":"","ping_status":"","sticky":false,"template":"","format":"standard","meta":{"footnotes":""},"categories":[1888],"tags":[1111,1928,11,1927,1777,674,49902,1011,27,20859,12,1926,626,1925,25],"class_list":{"0":"post-507958","1":"post","2":"type-post","3":"status-publish","4":"format-standard","5":"has-post-thumbnail","7":"category-paris","8":"tag-actu","9":"tag-actu-paris","10":"tag-actualites","11":"tag-actualites-paris","12":"tag-eu","13":"tag-europe","14":"tag-felix-auger-aliassime","15":"tag-fr","16":"tag-france","17":"tag-jannik-sinner","18":"tag-news","19":"tag-news-paris","20":"tag-paris","21":"tag-paris-news","22":"tag-republique-francaise"},"share_on_mastodon":{"url":"https:\/\/pubeurope.com\/@fr\/115483434317051725","error":""},"_links":{"self":[{"href":"https:\/\/www.europesays.com\/fr\/wp-json\/wp\/v2\/posts\/507958","targetHints":{"allow":["GET"]}}],"collection":[{"href":"https:\/\/www.europesays.com\/fr\/wp-json\/wp\/v2\/posts"}],"about":[{"href":"https:\/\/www.europesays.com\/fr\/wp-json\/wp\/v2\/types\/post"}],"author":[{"embeddable":true,"href":"https:\/\/www.europesays.com\/fr\/wp-json\/wp\/v2\/users\/2"}],"replies":[{"embeddable":true,"href":"https:\/\/www.europesays.com\/fr\/wp-json\/wp\/v2\/comments?post=507958"}],"version-history":[{"count":0,"href":"https:\/\/www.europesays.com\/fr\/wp-json\/wp\/v2\/posts\/507958\/revisions"}],"wp:featuredmedia":[{"embeddable":true,"href":"https:\/\/www.europesays.com\/fr\/wp-json\/wp\/v2\/media\/507959"}],"wp:attachment":[{"href":"https:\/\/www.europesays.com\/fr\/wp-json\/wp\/v2\/media?parent=507958"}],"wp:term":[{"taxonomy":"category","embeddable":true,"href":"https:\/\/www.europesays.com\/fr\/wp-json\/wp\/v2\/categories?post=507958"},{"taxonomy":"post_tag","embeddable":true,"href":"https:\/\/www.europesays.com\/fr\/wp-json\/wp\/v2\/tags?post=507958"}],"curies":[{"name":"wp","href":"https:\/\/api.w.org\/{rel}","templated":true}]}}