{"id":50796,"date":"2025-04-25T03:42:09","date_gmt":"2025-04-25T03:42:09","guid":{"rendered":"https:\/\/www.europesays.com\/fr\/50796\/"},"modified":"2025-04-25T03:42:09","modified_gmt":"2025-04-25T03:42:09","slug":"condamne-pour-avoir-tente-de-tuer-une-fillette-il-etait-fascine-par-les-infanticides-2","status":"publish","type":"post","link":"https:\/\/www.europesays.com\/fr\/50796\/","title":{"rendered":"Condamn\u00e9 pour avoir tent\u00e9 de tuer une fillette, il \u00e9tait fascin\u00e9 par les infanticides"},"content":{"rendered":"<p><strong>Horreur &#8211; Un Anglais \u00e2g\u00e9 de 29 ans a \u00e9cop\u00e9 de trente ans de r\u00e9clusion apr\u00e8s avoir poignard\u00e9 une fillette de 9 ans, sans la tuer. Il \u00e9tait fascin\u00e9 par les infanticides<\/strong><\/p>\n<p>Les faits remontent \u00e0 ao\u00fbt\u00a02024 et ont eu lieu \u00e0 c\u00f4t\u00e9 de New Milton, une ville du sud du <a href=\"https:\/\/www.20minutes.fr\/monde\/royaume-uni\/?at_medium=RSS+feed&amp;at_campaign=ynews&amp;utm_source=yahoo&amp;utm_medium=rss&amp;utm_campaign=news_feed&amp;utm_content=in_article_link\" rel=\"nofollow noopener\" target=\"_blank\" data-ylk=\"slk:Royaume-Uni;elm:context_link;itc:0;sec:content-canvas\" class=\"link \">Royaume-Uni<\/a>. Ce jour-l\u00e0, une fillette de 9 ans joue avec une amie dans une cage d\u2019escalier lorsqu\u2019un homme surgit et tente de la tuer. Il la poignarde au cou, \u00e0 la poitrine et au genou et lui arrache une m\u00e8che de cheveu, comme pour garder un troph\u00e9e.<\/p>\n<p>Heureusement, les enfants r\u00e9ussissent \u00e0 s\u2019\u00e9chapper et sont recueillis par des voisins. L\u2019agresseur, lui, est interpell\u00e9. Huit mois plus tard, Jordan Wilkes, 29 ans, \u00e9tait jug\u00e9 \u00e0 Bournemouth. D\u00e9j\u00e0 connu de la justice pour une agression sur un gar\u00e7on de 8 ans, il a de nouveau \u00e9cop\u00e9 d\u2019une peine de prison. Soit trente ans de r\u00e9clusion criminelle pour celui que le juge a qualifi\u00e9 de \u00ab\u00a0d\u00e9linquant dangereux\u00a0\u00bb.<\/p>\n<p>Il s\u2019av\u00e8re que le pr\u00e9venu \u00e9tait captiv\u00e9 par les <a href=\"https:\/\/www.20minutes.fr\/societe\/infanticide\/?at_medium=RSS+feed&amp;at_campaign=ynews&amp;utm_source=yahoo&amp;utm_medium=rss&amp;utm_campaign=news_feed&amp;utm_content=in_article_link\" rel=\"nofollow noopener\" target=\"_blank\" data-ylk=\"slk:infanticides;elm:context_link;itc:0;sec:content-canvas\" class=\"link \">infanticides<\/a>. Dans son ordinateur, les enqu\u00eateurs ont retrouv\u00e9 69 fichiers de vid\u00e9os <a href=\"https:\/\/www.20minutes.fr\/high-tech\/youtube\/?at_medium=RSS+feed&amp;at_campaign=ynews&amp;utm_source=yahoo&amp;utm_medium=rss&amp;utm_campaign=news_feed&amp;utm_content=in_article_link\" rel=\"nofollow noopener\" target=\"_blank\" data-ylk=\"slk:YouTube;elm:context_link;itc:0;sec:content-canvas\" class=\"link \">YouTube<\/a>, d\u2019articles de presse et de podcasts consacr\u00e9s \u00e0 des meurtres, notamment d\u2019enfants, relate <a href=\"https:\/\/www.theguardian.com\/uk-news\/2025\/apr\/23\/man-interested-in-child-murders-jailed-for-30-years-for-stabbing-girl-9-in-the-neck?at_medium=RSS+feed&amp;at_campaign=ynews&amp;utm_source=yahoo&amp;utm_medium=rss&amp;utm_campaign=news_feed&amp;utm_content=in_article_link\" rel=\"nofollow noopener\" target=\"_blank\" data-ylk=\"slk:The Guardian;elm:context_link;itc:0;sec:content-canvas\" class=\"link \">The Guardian<\/a>.<\/p>\n<p><a href=\"https:\/\/www.20minutes.fr\/justice\/4150179-20250424-royaume-uni-condamne-avoir-tente-tuer-fillette-fascine-infanticides?at_medium=RSS+feed&amp;at_campaign=ynews&amp;utm_source=yahoo&amp;utm_medium=rss&amp;utm_campaign=news_feed&amp;utm_content=read_more_link&quot;\" rel=\"nofollow noopener\" target=\"_blank\" data-ylk=\"slk:Lire la suite sur 20minutes;elm:context_link;itc:0;sec:content-canvas\" class=\"link \">Lire la suite sur 20minutes<\/a><\/p>\n<p>\u00c0 lire aussi :<br \/><a href=\"https:\/\/www.20minutes.fr\/faits_divers\/4145901-20250328-royaume-uni-homme-condamne-perpetuite-avoir-decoupe-retraite-27-morceaux?at_medium=RSS+feed&amp;at_campaign=ynews&amp;utm_source=yahoo&amp;utm_medium=rss&amp;utm_campaign=news_feed&amp;utm_content=related_content_link\" rel=\"nofollow noopener\" target=\"_blank\" data-ylk=\"slk:Royaume-Uni\u00a0: Un homme condamn\u00e9 \u00e0 la prison \u00e0 perp\u00e9tuit\u00e9 pour avoir d\u00e9coup\u00e9 un retrait\u00e9 en 27 morceaux;elm:context_link;itc:0;sec:content-canvas\" class=\"link \">Royaume-Uni\u00a0: Un homme condamn\u00e9 \u00e0 la prison \u00e0 perp\u00e9tuit\u00e9 pour avoir d\u00e9coup\u00e9 un retrait\u00e9 en 27 morceaux<\/a><br \/><a href=\"https:\/\/www.20minutes.fr\/nantes\/4150107-20250424-loire-atlantique-femme-mise-examen-homicide-apres-abandon-bebe?at_medium=RSS+feed&amp;at_campaign=ynews&amp;utm_source=yahoo&amp;utm_medium=rss&amp;utm_campaign=news_feed&amp;utm_content=related_content_link\" rel=\"nofollow noopener\" target=\"_blank\" data-ylk=\"slk:Loire-Atlantique\u00a0: Une femme mise en examen pour homicide apr\u00e8s l\u2019abandon de son b\u00e9b\u00e9;elm:context_link;itc:0;sec:content-canvas\" class=\"link \">Loire-Atlantique\u00a0: Une femme mise en examen pour homicide apr\u00e8s l\u2019abandon de son b\u00e9b\u00e9<\/a><\/p>\n","protected":false},"excerpt":{"rendered":"Horreur &#8211; Un Anglais \u00e2g\u00e9 de 29 ans a \u00e9cop\u00e9 de trente ans de r\u00e9clusion apr\u00e8s avoir poignard\u00e9&hellip;\n","protected":false},"author":2,"featured_media":50797,"comment_status":"","ping_status":"","sticky":false,"template":"","format":"standard","meta":{"footnotes":""},"categories":[1588],"tags":[11,6661,1777,674,14371,14368,14370,12,14369,473,1853,1851,1850,1852],"class_list":{"0":"post-50796","1":"post","2":"type-post","3":"status-publish","4":"format-standard","5":"has-post-thumbnail","7":"category-royaume-uni","8":"tag-actualites","9":"tag-avoir","10":"tag-eu","11":"tag-europe","12":"tag-infanticides","13":"tag-jordan-wilkes","14":"tag-les-enfants","15":"tag-news","16":"tag-peine-de-prison","17":"tag-royaume-uni","18":"tag-royaume-uni-de-grande-bretagne-et-dirlande-du-nord","19":"tag-uk","20":"tag-united-kingdom","21":"tag-united-kingdom-of-great-britain-and-northern-ireland"},"share_on_mastodon":{"url":"https:\/\/pubeurope.com\/@fr\/114396538155483348","error":""},"_links":{"self":[{"href":"https:\/\/www.europesays.com\/fr\/wp-json\/wp\/v2\/posts\/50796","targetHints":{"allow":["GET"]}}],"collection":[{"href":"https:\/\/www.europesays.com\/fr\/wp-json\/wp\/v2\/posts"}],"about":[{"href":"https:\/\/www.europesays.com\/fr\/wp-json\/wp\/v2\/types\/post"}],"author":[{"embeddable":true,"href":"https:\/\/www.europesays.com\/fr\/wp-json\/wp\/v2\/users\/2"}],"replies":[{"embeddable":true,"href":"https:\/\/www.europesays.com\/fr\/wp-json\/wp\/v2\/comments?post=50796"}],"version-history":[{"count":0,"href":"https:\/\/www.europesays.com\/fr\/wp-json\/wp\/v2\/posts\/50796\/revisions"}],"wp:featuredmedia":[{"embeddable":true,"href":"https:\/\/www.europesays.com\/fr\/wp-json\/wp\/v2\/media\/50797"}],"wp:attachment":[{"href":"https:\/\/www.europesays.com\/fr\/wp-json\/wp\/v2\/media?parent=50796"}],"wp:term":[{"taxonomy":"category","embeddable":true,"href":"https:\/\/www.europesays.com\/fr\/wp-json\/wp\/v2\/categories?post=50796"},{"taxonomy":"post_tag","embeddable":true,"href":"https:\/\/www.europesays.com\/fr\/wp-json\/wp\/v2\/tags?post=50796"}],"curies":[{"name":"wp","href":"https:\/\/api.w.org\/{rel}","templated":true}]}}