{"id":507968,"date":"2025-11-03T02:39:23","date_gmt":"2025-11-03T02:39:23","guid":{"rendered":"https:\/\/www.europesays.com\/fr\/507968\/"},"modified":"2025-11-03T02:39:23","modified_gmt":"2025-11-03T02:39:23","slug":"liran-veut-reconstruire-ses-sites-nucleaires-frappes-par-israel-et-les-usa","status":"publish","type":"post","link":"https:\/\/www.europesays.com\/fr\/507968\/","title":{"rendered":"L&rsquo;Iran veut \u00ab\u00a0reconstruire\u00a0\u00bb ses sites nucl\u00e9aires frapp\u00e9s par Isra\u00ebl et les USA"},"content":{"rendered":"<p>Le pr\u00e9sident iranien, Massoud Pezeshkian, a assur\u00e9 dimanche que son pays \u00ab\u00a0reconstruirait\u00a0\u00bb les sites nucl\u00e9aires bombard\u00e9s en juin par Isra\u00ebl et les Etats-Unis, au moment o\u00f9 le m\u00e9diateur omanais exhorte T\u00e9h\u00e9ran et Washington \u00e0 reprendre leurs pourparlers.<\/p>\n<p>L&rsquo;Iran et les Etats-Unis, ennemis depuis quatre d\u00e9cennies, avaient entam\u00e9 en avril des n\u00e9gociations sous la m\u00e9diation du sultanat d&rsquo;Oman autour du programme nucl\u00e9aire iranien, objet de tensions avec les pays occidentaux.<\/p>\n<p>Mais ces discussions sont au point mort depuis l&rsquo;attaque surprise d&rsquo;une ampleur in\u00e9dite lanc\u00e9e par Isra\u00ebl contre l&rsquo;Iran le 13 juin, qui a d\u00e9clench\u00e9 un conflit de 12 jours entre les deux pays, au cours duquel les Etats-Unis ont aussi frapp\u00e9 trois importants sites nucl\u00e9aires iraniens.<\/p>\n<p>L&rsquo;arm\u00e9e am\u00e9ricaine avait bombard\u00e9 le 22 juin le site souterrain d&rsquo;enrichissement d&rsquo;uranium de Fordo, au sud de T\u00e9h\u00e9ran, et des installations nucl\u00e9aires \u00e0 Ispahan et Natanz dans le centre du pays.<\/p>\n<p>Le pr\u00e9sident am\u00e9ricain, Donald Trump, assure depuis plusieurs mois que les sites ont \u00e9t\u00e9 \u00ab\u00a0an\u00e9antis\u00a0\u00bb, mais l&rsquo;\u00e9tendue pr\u00e9cise des d\u00e9g\u00e2ts n&rsquo;est pas connue.<\/p>\n<p> &gt;&gt; Revoir le reportage du 19h30 qui revient sur les d\u00e9g\u00e2ts hypoth\u00e9tiques des frappes am\u00e9ricaines sur les sites nucl\u00e9aires iraniens\u00a0:   <img decoding=\"async\" class=\"embed-responsive-item\" loading=\"lazy\" src=\"https:\/\/www.europesays.com\/fr\/wp-content\/uploads\/2025\/11\/2fg3bk-28921903.image\" alt=\"Les hypoth\u00e8ses \u00e9mergent quant aux d\u00e9g\u00e2ts sur les sites nucl\u00e9aires iraniens\"\/>    Les hypoth\u00e8ses \u00e9mergent quant aux d\u00e9g\u00e2ts sur les sites nucl\u00e9aires iraniens \/ 19h30 \/ 2 min. \/ le 22 juin 2025 Nucl\u00e9aire iranien<\/p>\n<p>\u00ab\u00a0D\u00e9truire des b\u00e2timents (&#8230;) ne nous fera pas reculer. Nous reconstruirons et nous reconstruirons avec plus de force\u00a0\u00bb ces installations, a d\u00e9clar\u00e9 dimanche le pr\u00e9sident iranien, qui s&rsquo;exprimait lors d&rsquo;une visite \u00e0 T\u00e9h\u00e9ran au si\u00e8ge de l&rsquo;Organisation iranienne de l&rsquo;\u00e9nergie atomique.<\/p>\n<p>Bien avant la guerre de juin, Massoud Pezeshkian avait d\u00e9j\u00e0 affirm\u00e9 en f\u00e9vrier que si les ennemis du pays d\u00e9truisaient \u00ab\u00a0une centaine (d&rsquo;installations nucl\u00e9aires), nos enfants en construir(aient) mille\u00a0\u00bb.<\/p>\n<p>Le guide supr\u00eame iranien, l&rsquo;ayatollah Ali Khamenei, avait pour sa part affirm\u00e9 fin octobre que Donald Trump, \u00ab\u00a0r\u00eav(ait)\u00a0\u00bb s&rsquo;il pensait avoir d\u00e9truit les sites nucl\u00e9aires iraniens.<\/p>\n<p>Le sultanat d&rsquo;Oman, qui avait accueilli au printemps plusieurs cycles de discussions entre les Etats-Unis et l&rsquo;Iran, a exhort\u00e9 samedi les deux pays \u00e0 reprendre le chemin du dialogue.<\/p>\n<p class=\"sources\">ats\/miro<\/p>\n","protected":false},"excerpt":{"rendered":"Le pr\u00e9sident iranien, Massoud Pezeshkian, a assur\u00e9 dimanche que son pays \u00ab\u00a0reconstruirait\u00a0\u00bb les sites nucl\u00e9aires bombard\u00e9s en juin&hellip;\n","protected":false},"author":2,"featured_media":507969,"comment_status":"","ping_status":"","sticky":false,"template":"","format":"standard","meta":{"footnotes":""},"categories":[1589],"tags":[11,2120,312,75,6359,62219,11440,73,1866,3577,33639,3019,664,74,12,316,4144,22801,2543,10734,1864,1865,1863,308],"class_list":{"0":"post-507968","1":"post","2":"type-post","3":"status-publish","4":"format-standard","5":"has-post-thumbnail","7":"category-etats-unis","8":"tag-actualites","9":"tag-conflit","10":"tag-diplomatie","11":"tag-donald-trump","12":"tag-economie-et-finances","13":"tag-energie-et-ressources","14":"tag-energie-nucleaire","15":"tag-etats-unis","16":"tag-etats-unis-damerique","17":"tag-guerre-et-paix","18":"tag-installation-nucleaire","19":"tag-iran","20":"tag-israel","21":"tag-monde","22":"tag-news","23":"tag-politique","24":"tag-politique-du-gouvernement","25":"tag-politique-nucleaire","26":"tag-relations-internationales","27":"tag-teheran","28":"tag-united-states","29":"tag-united-states-of-america","30":"tag-us","31":"tag-usa"},"share_on_mastodon":{"url":"https:\/\/pubeurope.com\/@fr\/115483454991634410","error":""},"_links":{"self":[{"href":"https:\/\/www.europesays.com\/fr\/wp-json\/wp\/v2\/posts\/507968","targetHints":{"allow":["GET"]}}],"collection":[{"href":"https:\/\/www.europesays.com\/fr\/wp-json\/wp\/v2\/posts"}],"about":[{"href":"https:\/\/www.europesays.com\/fr\/wp-json\/wp\/v2\/types\/post"}],"author":[{"embeddable":true,"href":"https:\/\/www.europesays.com\/fr\/wp-json\/wp\/v2\/users\/2"}],"replies":[{"embeddable":true,"href":"https:\/\/www.europesays.com\/fr\/wp-json\/wp\/v2\/comments?post=507968"}],"version-history":[{"count":0,"href":"https:\/\/www.europesays.com\/fr\/wp-json\/wp\/v2\/posts\/507968\/revisions"}],"wp:featuredmedia":[{"embeddable":true,"href":"https:\/\/www.europesays.com\/fr\/wp-json\/wp\/v2\/media\/507969"}],"wp:attachment":[{"href":"https:\/\/www.europesays.com\/fr\/wp-json\/wp\/v2\/media?parent=507968"}],"wp:term":[{"taxonomy":"category","embeddable":true,"href":"https:\/\/www.europesays.com\/fr\/wp-json\/wp\/v2\/categories?post=507968"},{"taxonomy":"post_tag","embeddable":true,"href":"https:\/\/www.europesays.com\/fr\/wp-json\/wp\/v2\/tags?post=507968"}],"curies":[{"name":"wp","href":"https:\/\/api.w.org\/{rel}","templated":true}]}}