{"id":507970,"date":"2025-11-03T02:40:23","date_gmt":"2025-11-03T02:40:23","guid":{"rendered":"https:\/\/www.europesays.com\/fr\/507970\/"},"modified":"2025-11-03T02:40:23","modified_gmt":"2025-11-03T02:40:23","slug":"le-mobile-terroriste-exclu-a-ce-stade-par-les-autorites","status":"publish","type":"post","link":"https:\/\/www.europesays.com\/fr\/507970\/","title":{"rendered":"le mobile terroriste exclu \u00e0 ce stade par les autorit\u00e9s"},"content":{"rendered":"<p>      lire plus tard<\/p>\n<p id=\"dialog__title\" class=\"dialog__title\">Pour sauvegarder cet article, connectez-vous ou cr\u00e9ez un compte franceinfo<\/p>\n<p class=\"dialog__description\">Sans paiement. Sans abonnement.<\/p>\n<p>        Fermer la fen\u00eatre d\u2019activation des notifications France Info<\/p>\n<p>      cr\u00e9er votre compte<\/p>\n<p>      se connecter<\/p>\n<p>        Fermer la fen\u00eatre de pr\u00e9sentation<\/p>\n<p>    Publi\u00e9 le 02\/11\/2025 20:26<\/p>\n<p>      Mis \u00e0 jour le 02\/11\/2025 23:12<\/p>\n<p>        Temps de lecture : 3min &#8211; vid\u00e9o : 2min<\/p>\n<p>    <img decoding=\"async\" class=\"francetv-player-wrapper__image\" alt=\"Attaque au couteau dans un train en Angleterre : le mobile terroriste exclu \u00e0 ce stade par les autorit\u00e9s\"  width=\"432\" height=\"243\" src=\"https:\/\/www.europesays.com\/fr\/wp-content\/uploads\/2025\/11\/angleterre-train-6907af6c192fa575840386.jpg\" fetchpriority=\"high\"\/><\/p>\n<p>              Attaque au couteau dans un train en Angleterre : le mobile terroriste exclu \u00e0 ce stade par les autorit\u00e9s<br \/>\n                    (France 2)<\/p>\n<p>      2min<\/p>\n<p>\n  Un homme a sem\u00e9 la panique en attaquant au couteau des passagers dans un train en Angleterre. Dix personnes ont \u00e9t\u00e9 bless\u00e9es, dont deux se trouvent dans un \u00e9tat grave. La police \u00e9carte pour l&rsquo;instant toute motivation terroriste.\u00a0\n<\/p>\n<p><strong>Ce texte correspond \u00e0 une partie de la retranscription du reportage ci-dessus. Cliquez sur la vid\u00e9o pour la regarder en int\u00e9gralit\u00e9.<\/strong><\/p>\n<p>Des assaillants pr\u00e9sum\u00e9s au sol, ma\u00eetris\u00e9s par la police. \u00c0 quelques m\u00e8tres, des passagers \u00e0 la gare, envelopp\u00e9s dans des couvertures de survie. Certains ont re\u00e7u les premiers secours \u00e0 m\u00eame le quai. Ils viennent de vivre une <a href=\"https:\/\/www.franceinfo.fr\/monde\/royaume-uni\/ce-que-l-on-sait-de-l-attaque-au-couteau-dans-un-train-en-angleterre-qui-a-fait-onze-blesses_7590866.html\" target=\"_blank\" rel=\"noopener nofollow\" data-tooltip-url=\"https:\/\/www.franceinfo.fr\/monde\/royaume-uni\/ce-que-l-on-sait-de-l-attaque-au-couteau-dans-un-train-en-angleterre-qui-a-fait-onze-blesses_7590866.html\">sc\u00e8ne d&rsquo;horreur \u00e0 bord d&rsquo;un train en marche<\/a>. Parti samedi 1er novembre de Doncaster en direction de Londres, le train vient de quitter la gare de Peterborough vers 19h30, heure locale, quand d\u00e9bute l&rsquo;attaque au couteau.<\/p>\n<p>\u00ab\u00a0Cinq rang\u00e9es devant moi, un homme en t-shirt blanc s&rsquo;est lev\u00e9 d&rsquo;un coup. Il est parti en courant. Il venait d&rsquo;\u00eatre touch\u00e9. Puis des gens ont cri\u00e9, il a un couteau. L&rsquo;assaillant \u00e9tait tout en noir, barbu, avec un sweat \u00e0 capuche\u00a0\u00bb, d\u00e9crit une passag\u00e8re du train.<\/p>\n<p>Dans cet espace clos, sans issue, c&rsquo;est la panique. Certains passagers se cachent dans les toilettes. Tous ne comprennent pas imm\u00e9diatement ce qui se passe. Olly Foster, autre passager du train, raconte sa soir\u00e9e d&rsquo;horreur : \u00ab\u00a0J&rsquo;ai entendu un homme traverser notre voiture en criant, courez, courez, un type est en train de poignarder tout le monde. Au d\u00e9but, on a pens\u00e9 que c&rsquo;\u00e9tait une blague pour Halloween, mais on a vu sur les visages qu&rsquo;ils \u00e9taient s\u00e9rieux. Et en avan\u00e7ant, j&rsquo;ai pos\u00e9 ma main sur un si\u00e8ge pour me tenir. Et quand j&rsquo;ai regard\u00e9 ma main, elle \u00e9tait couverte de sang. Et sur les si\u00e8ges, il y avait du sang partout\u00a0\u00bb.<\/p>\n<p>Apr\u00e8s quatorze minutes de trajet, le train s&rsquo;immobilise \u00e0 Huntingdon, un arr\u00eat non pr\u00e9vu. Les forces de l&rsquo;ordre arr\u00eatent le suspect en faisant usage d&rsquo;un taser. \u00ab\u00a0Le suspect est un homme noir de 32 ans, de nationalit\u00e9 britannique. Les services antiterroristes nous ont initialement \u00e9paul\u00e9s dans l&rsquo;enqu\u00eate. Mais \u00e0 ce stade, rien ne sugg\u00e8re un incident de nature terroriste\u00a0\u00bb, a indiqu\u00e9 John Lovelace, commissaire de la police des transports britannique. Un deuxi\u00e8me suspect a depuis \u00e9t\u00e9 rel\u00e2ch\u00e9. Dix victimes ont \u00e9t\u00e9 transport\u00e9es \u00e0 l&rsquo;h\u00f4pital. Pour deux d&rsquo;entre elles, le pronostic vital est engag\u00e9.<\/p>\n<p>Au Royaume-Uni, les attaques au couteau ont fortement augment\u00e9 depuis quinze ans. On recense en moyenne 135 infractions par jour avec une arme blanche en Angleterre et au Pays de Galles.<\/p>\n<p>Au mois de mars, la police anglaise avait organis\u00e9 un exercice simulant une attaque au couteau dans un train qui circulait dans la m\u00eame zone. Un sc\u00e9nario quasi identique qui aurait permis aux autorit\u00e9s de r\u00e9agir plus efficacement hier, en d\u00e9cidant par exemple de faire rouler le train jusqu&rsquo;\u00e0 une gare accessible aux forces de l&rsquo;ordre plut\u00f4t que de l&rsquo;arr\u00eater en rase campagne.<\/p>\n","protected":false},"excerpt":{"rendered":"lire plus tard Pour sauvegarder cet article, connectez-vous ou cr\u00e9ez un compte franceinfo Sans paiement. Sans abonnement. Fermer&hellip;\n","protected":false},"author":2,"featured_media":507971,"comment_status":"","ping_status":"","sticky":false,"template":"","format":"standard","meta":{"footnotes":""},"categories":[1588],"tags":[11,1777,674,12,473,1853,1851,1850,1852],"class_list":{"0":"post-507970","1":"post","2":"type-post","3":"status-publish","4":"format-standard","5":"has-post-thumbnail","7":"category-royaume-uni","8":"tag-actualites","9":"tag-eu","10":"tag-europe","11":"tag-news","12":"tag-royaume-uni","13":"tag-royaume-uni-de-grande-bretagne-et-dirlande-du-nord","14":"tag-uk","15":"tag-united-kingdom","16":"tag-united-kingdom-of-great-britain-and-northern-ireland"},"share_on_mastodon":{"url":"https:\/\/pubeurope.com\/@fr\/115483458862377161","error":""},"_links":{"self":[{"href":"https:\/\/www.europesays.com\/fr\/wp-json\/wp\/v2\/posts\/507970","targetHints":{"allow":["GET"]}}],"collection":[{"href":"https:\/\/www.europesays.com\/fr\/wp-json\/wp\/v2\/posts"}],"about":[{"href":"https:\/\/www.europesays.com\/fr\/wp-json\/wp\/v2\/types\/post"}],"author":[{"embeddable":true,"href":"https:\/\/www.europesays.com\/fr\/wp-json\/wp\/v2\/users\/2"}],"replies":[{"embeddable":true,"href":"https:\/\/www.europesays.com\/fr\/wp-json\/wp\/v2\/comments?post=507970"}],"version-history":[{"count":0,"href":"https:\/\/www.europesays.com\/fr\/wp-json\/wp\/v2\/posts\/507970\/revisions"}],"wp:featuredmedia":[{"embeddable":true,"href":"https:\/\/www.europesays.com\/fr\/wp-json\/wp\/v2\/media\/507971"}],"wp:attachment":[{"href":"https:\/\/www.europesays.com\/fr\/wp-json\/wp\/v2\/media?parent=507970"}],"wp:term":[{"taxonomy":"category","embeddable":true,"href":"https:\/\/www.europesays.com\/fr\/wp-json\/wp\/v2\/categories?post=507970"},{"taxonomy":"post_tag","embeddable":true,"href":"https:\/\/www.europesays.com\/fr\/wp-json\/wp\/v2\/tags?post=507970"}],"curies":[{"name":"wp","href":"https:\/\/api.w.org\/{rel}","templated":true}]}}