{"id":507972,"date":"2025-11-03T02:41:20","date_gmt":"2025-11-03T02:41:20","guid":{"rendered":"https:\/\/www.europesays.com\/fr\/507972\/"},"modified":"2025-11-03T02:41:20","modified_gmt":"2025-11-03T02:41:20","slug":"en-allemagne-un-nouveau-survol-de-drones-dorigine-inconnue-provoque-la-fermeture-dun-aeroport","status":"publish","type":"post","link":"https:\/\/www.europesays.com\/fr\/507972\/","title":{"rendered":"En Allemagne, un nouveau survol de drones d\u2019origine inconnue provoque la fermeture d\u2019un a\u00e9roport"},"content":{"rendered":"<p class=\"paragraph text_align_left lp-f-body-02\">Le trafic a\u00e9rien a \u00e9t\u00e9 temporairement suspendu \u00e0 l\u2019a\u00e9roport de Br\u00e8me dimanche en soir\u00e9e \u00e0 cause d\u2019un survol de drone d\u2019origine inconnue, a indiqu\u00e9 la police allemande. L\u2019appareil a \u00e9t\u00e9 rep\u00e9r\u00e9 \u00ab aux abords imm\u00e9diats de l\u2019a\u00e9roport vers 19h30 \u00bb, selon un porte-parole de la police dans la ville du nord de l\u2019Allemagne.<\/p>\n<p class=\"paragraph text_align_left lp-f-body-02\">En cons\u00e9quence, le contr\u00f4le a\u00e9rien a, en accord avec la police f\u00e9d\u00e9rale, imm\u00e9diatement suspendu les op\u00e9rations de d\u00e9collage et d\u2019atterrissage. Le trafic a repris \u00e0 partir pr\u00e8s d\u2019une heure plus tard. Selon la police, il n\u2019est pas clair qui pilotait le drone.<\/p>\n<p class=\"title-embed-dailymotion lp-color-text lp-f-subtitle-04\">Vid\u00e9oDrones : la fin annonc\u00e9e des pilotes de chasse ?<\/p>\n<p class=\"paragraph text_align_left lp-f-body-02\">Vendredi soir, les vols avaient d\u00e9j\u00e0 \u00e9t\u00e9 suspendus pendant pr\u00e8s de deux heures \u00e0 l\u2019a\u00e9roport de Berlin-Brandebourg \u00e0 cause de la pr\u00e9sence de drones. D\u00e9but octobre, l\u2019a\u00e9roport de Munich, le deuxi\u00e8me d\u2019Allemagne, avait d\u00e9j\u00e0 d\u00fb interrompre plusieurs heures ses op\u00e9rations pour la m\u00eame raison.<\/p>\n<p class=\"paragraph text_align_left lp-f-body-02\">Les autorit\u00e9s allemandes ont \u00e0 plusieurs reprises mis en garde contre la menace croissante pos\u00e9e par les drones, apr\u00e8s une s\u00e9rie d\u2019incursions d\u2019appareils non identifi\u00e9s dans des a\u00e9roports et sites militaires cette ann\u00e9e.<\/p>\n<p>Des autorisations d\u2019abattre plus fr\u00e9quentes<\/p>\n<p class=\"paragraph text_align_left lp-f-body-02\">Berlin, l\u2019un des principaux soutiens de l\u2019Ukraine face \u00e0 la Russie, soup\u00e7onne Moscou d\u2019\u00eatre \u00e0 l\u2019origine de certaines de ces activit\u00e9s. Ces derniers mois, plusieurs survols de drones ont \u00e9t\u00e9 signal\u00e9s au-dessus de bases militaires, de sites industriels et d\u2019infrastructures critiques, en Allemagne comme dans d\u2019autres pays de l\u2019Union europ\u00e9enne comme la Norv\u00e8ge ou encore ces derniers jours la Belgique.<\/p>\n<p class=\"paragraph text_align_left lp-f-body-02\">Une menace qui a incit\u00e9 les autorit\u00e9s \u00e0 se montrer plus fermes. \u00ab Abattre les drones sera d\u00e9sormais r\u00e9glement\u00e9 et possible pour la police f\u00e9d\u00e9rale \u00bb, avait d\u00e9clar\u00e9 d\u00e9but octobre le ministre de l\u2019Int\u00e9rieur, Alexander Dobrindt. Le gouvernement allemand a entam\u00e9 une r\u00e9vision des lois r\u00e9gissant la s\u00e9curit\u00e9 a\u00e9rienne du pays. L\u2019objectif est de permettre \u00e0 l\u2019arm\u00e9e, et non plus seulement la police, d\u2019abattre les drones.<\/p>\n<p class=\"paragraph text_align_left lp-f-body-02\">Au niveau de l\u2019Union europ\u00e9enne, la Commission veut mettre en place un \u00ab mur antidrones \u00bb, qui serait pleinement op\u00e9rationnel d\u2019ici \u00e0 2027, mais ce projet est accueilli avec scepticisme par certains pays membres. La r\u00e9ponse de l\u2019Otan \u00e0 l\u2019entr\u00e9e d\u2019une vingtaine de drones russes dans l\u2019espace a\u00e9rien de la Pologne avait mis en \u00e9vidence les lacunes dans l\u2019arsenal europ\u00e9en. Pour abattre trois de ces drones, l\u2019Otan avait d\u00fb recourir \u00e0 de co\u00fbteux missiles.<\/p>\n","protected":false},"excerpt":{"rendered":"Le trafic a\u00e9rien a \u00e9t\u00e9 temporairement suspendu \u00e0 l\u2019a\u00e9roport de Br\u00e8me dimanche en soir\u00e9e \u00e0 cause d\u2019un survol&hellip;\n","protected":false},"author":2,"featured_media":507973,"comment_status":"","ping_status":"","sticky":false,"template":"","format":"standard","meta":{"footnotes":""},"categories":[1587],"tags":[11,672,1804,1805,1803,1777,674,1801,14,12,1802],"class_list":{"0":"post-507972","1":"post","2":"type-post","3":"status-publish","4":"format-standard","5":"has-post-thumbnail","7":"category-allemagne","8":"tag-actualites","9":"tag-allemagne","10":"tag-bundesrepublik-deutschland","11":"tag-de","12":"tag-deutschland","13":"tag-eu","14":"tag-europe","15":"tag-germany","16":"tag-international","17":"tag-news","18":"tag-republique-federale-dallemagne"},"share_on_mastodon":{"url":"https:\/\/pubeurope.com\/@fr\/115483462025111876","error":""},"_links":{"self":[{"href":"https:\/\/www.europesays.com\/fr\/wp-json\/wp\/v2\/posts\/507972","targetHints":{"allow":["GET"]}}],"collection":[{"href":"https:\/\/www.europesays.com\/fr\/wp-json\/wp\/v2\/posts"}],"about":[{"href":"https:\/\/www.europesays.com\/fr\/wp-json\/wp\/v2\/types\/post"}],"author":[{"embeddable":true,"href":"https:\/\/www.europesays.com\/fr\/wp-json\/wp\/v2\/users\/2"}],"replies":[{"embeddable":true,"href":"https:\/\/www.europesays.com\/fr\/wp-json\/wp\/v2\/comments?post=507972"}],"version-history":[{"count":0,"href":"https:\/\/www.europesays.com\/fr\/wp-json\/wp\/v2\/posts\/507972\/revisions"}],"wp:featuredmedia":[{"embeddable":true,"href":"https:\/\/www.europesays.com\/fr\/wp-json\/wp\/v2\/media\/507973"}],"wp:attachment":[{"href":"https:\/\/www.europesays.com\/fr\/wp-json\/wp\/v2\/media?parent=507972"}],"wp:term":[{"taxonomy":"category","embeddable":true,"href":"https:\/\/www.europesays.com\/fr\/wp-json\/wp\/v2\/categories?post=507972"},{"taxonomy":"post_tag","embeddable":true,"href":"https:\/\/www.europesays.com\/fr\/wp-json\/wp\/v2\/tags?post=507972"}],"curies":[{"name":"wp","href":"https:\/\/api.w.org\/{rel}","templated":true}]}}