{"id":507986,"date":"2025-11-03T02:53:04","date_gmt":"2025-11-03T02:53:04","guid":{"rendered":"https:\/\/www.europesays.com\/fr\/507986\/"},"modified":"2025-11-03T02:53:04","modified_gmt":"2025-11-03T02:53:04","slug":"volley-ball-spikeligue-les-centurions-narbonne-se-deplacent-chez-le-champion-en-titre-tours-le-coeur-leger","status":"publish","type":"post","link":"https:\/\/www.europesays.com\/fr\/507986\/","title":{"rendered":"Volley-ball \u2013 SpikeLigue\u00a0: les Centurions Narbonne se d\u00e9placent chez le champion en titre, Tours, le c\u0153ur l\u00e9ger"},"content":{"rendered":"<p>\n                                                                Qui pouvait s\u2019attendre \u00e0 un tel d\u00e9but de saison des Centurions Narbonne, compte tenu de la super tuile de la blessure du nouveau pointu\u00a0Michael Czerwin\u0301ski quelques jours avant le d\u00e9but du championnat\u00a0? Bilan provisoire\u00a0: deux victoires en deux matchs avant le d\u00e9placement chez le champion en titre Tours ce mardi soir (20\u00a0h).\n                            <\/p>\n<p>        <img decoding=\"async\" class=\"std-img__img responsive-img\" src=\"https:\/\/images.lindependant.fr\/api\/v1\/images\/view\/68ff8f7c5485043bdd0674d0\/full\/image.jpg?v=1\" alt=\"Les dix derni\u00e8res confrontations.\"\/><\/p>\n<p>                Les dix derni\u00e8res confrontations.<br \/>\n                                    DR &#8211; DR<\/p>\n<p>Autant dire que les Centurions Narbonne sont sereins. Ils viennent de remporter leurs deux premiers matchs de la saison. Face \u00e0 Toulouse \u00e0 l\u2019Arena et \u00e0 B\u00e9ziers contre S\u00e8te sur le m\u00eame score de 3 sets \u00e0 1. Tout \u00e7a sans leur nouveau pointu autrichien Michael Czerwin\u0301ski (21 ans, 2\u00a0m 07), bless\u00e9 en amical \u00e0 Toulouse quelques jours avant le d\u00e9but du championnat et dont le retour n\u2019est toujours pas programm\u00e9. Les Centurions et leur entra\u00eeneur italien Lorenzo Tubertini\u00a0ont donc su s\u2019adapter \u00e0 cette absence.<\/p>\n<blockquote>\n<p>Les tr\u00e8s bonnes performances de notre passeur Viiber.<\/p>\n<\/blockquote>\n<p>Face \u00e0 Toulouse, Liam Patte (14 points), Thibaut Thoral (10) et Willner Rivas (24) ont tous trois jou\u00e9 r\u00e9ceptionneurs-attaquants dans un syst\u00e8me que l\u2019on pourrait qualifier de mixte. Contre S\u00e8te, Patte (17 points) \u00e9tait positionn\u00e9 en pointu, toujours entour\u00e9 de Thoral (10) et Rivas (16). Des syst\u00e8mes manifestement efficaces mais tr\u00e8s largement \u00e9nergivores. Ces trois-l\u00e0 ne pourront pas tourner de la sorte encore pendant longtemps.\u00a0C\u2019est pourquoi \u00e0 Tours, o\u00f9 sont partis en train les Audois, ce mardi soir (20\u00a0h), Tubertini devrait faire un peu plus confiance au jeune pointu danois\u00a0Bisgaard (20 ans, 2\u00a0m 05), entr\u00e9s sur le parquet contre Toulouse et S\u00e8te de tr\u00e8s brefs instants.<\/p>\n<p>        <img decoding=\"async\" class=\"std-img__img responsive-img\" src=\"https:\/\/www.europesays.com\/fr\/wp-content\/uploads\/2025\/11\/1762138384_83_image.jpg\" alt=\"Mujanovic-Rivas, choc de titans.\"\/><\/p>\n<p>                Mujanovic-Rivas, choc de titans.<br \/>\n                                    Infographie &#8211; L&rsquo;Ind\u00e9pendant<\/p>\n<p>Une certitude\u00a0: c\u2019est avec le plein de confiance, sans pression, que les Centurions Narbonne se d\u00e9placent sur le parquet du champion en titre Tours, qui lui aussi a gagn\u00e9 ses deux premi\u00e8res oppositions\u00a0: contre Ajaccio (3-0) et Le Plessis-Robinson (1-3). Lorsqu&rsquo;elle est au complet, cette \u00e9quipe s\u2019av\u00e8re quasiment injouable. D\u2019autant qu\u2019\u00e0 l\u2019intersaison, elle a recrut\u00e9, \u00e0 Poitiers, l\u2019un des meilleurs pointus d\u2019Europe promis \u00e0 une tr\u00e8s grande carri\u00e8re\u00a0: Nik Mujanovic (21 ans, 2\u00a0m 06). 41 points en deux matchs\u2026<\/p>\n<p>\u00ab\u00a0Vu la pr\u00e9paration, je m\u2019attendais \u00e0 un bon d\u00e9but de saison. Seulement, avec l\u2019absence de\u00a0Michael Czerwin\u0301ski, je me disais que \u00e7a allait \u00eatre compliqu\u00e9. Finalement, on s\u2019est adapt\u00e9. En plus gagner \u00e0 S\u00e8te qui revendique un Top 4, c\u2019est tr\u00e8s satisfaisant. Il faut souligner aussi les tr\u00e8s bonnes performances de notre passeur Viiber.\u00a0Maintenant, il va falloir g\u00e9rer l\u2019\u00e9quipe physiquement parce que ce syst\u00e8me un peu bizarre disons, est tr\u00e8s \u00e9nergivore\u00a0\u00bb, d\u00e9taille le manager g\u00e9n\u00e9ral des Centurions Michel Mandrou. Si l\u2019on met de c\u00f4t\u00e9 la blessure de\u00a0Czerwin\u0301ski, voil\u00e0 bien longtemps que le club n\u2019avait d\u00e9gag\u00e9 telle s\u00e9r\u00e9nit\u00e9.<\/p>\n","protected":false},"excerpt":{"rendered":"Qui pouvait s\u2019attendre \u00e0 un tel d\u00e9but de saison des Centurions Narbonne, compte tenu de la super tuile&hellip;\n","protected":false},"author":2,"featured_media":507987,"comment_status":"","ping_status":"","sticky":false,"template":"","format":"standard","meta":{"footnotes":""},"categories":[1417],"tags":[1011,27,60,1470,1469],"class_list":{"0":"post-507986","1":"post","2":"type-post","3":"status-publish","4":"format-standard","5":"has-post-thumbnail","7":"category-volley","8":"tag-fr","9":"tag-france","10":"tag-sports","11":"tag-volley","12":"tag-volleyball"},"share_on_mastodon":{"url":"https:\/\/pubeurope.com\/@fr\/115483512558845245","error":""},"_links":{"self":[{"href":"https:\/\/www.europesays.com\/fr\/wp-json\/wp\/v2\/posts\/507986","targetHints":{"allow":["GET"]}}],"collection":[{"href":"https:\/\/www.europesays.com\/fr\/wp-json\/wp\/v2\/posts"}],"about":[{"href":"https:\/\/www.europesays.com\/fr\/wp-json\/wp\/v2\/types\/post"}],"author":[{"embeddable":true,"href":"https:\/\/www.europesays.com\/fr\/wp-json\/wp\/v2\/users\/2"}],"replies":[{"embeddable":true,"href":"https:\/\/www.europesays.com\/fr\/wp-json\/wp\/v2\/comments?post=507986"}],"version-history":[{"count":0,"href":"https:\/\/www.europesays.com\/fr\/wp-json\/wp\/v2\/posts\/507986\/revisions"}],"wp:featuredmedia":[{"embeddable":true,"href":"https:\/\/www.europesays.com\/fr\/wp-json\/wp\/v2\/media\/507987"}],"wp:attachment":[{"href":"https:\/\/www.europesays.com\/fr\/wp-json\/wp\/v2\/media?parent=507986"}],"wp:term":[{"taxonomy":"category","embeddable":true,"href":"https:\/\/www.europesays.com\/fr\/wp-json\/wp\/v2\/categories?post=507986"},{"taxonomy":"post_tag","embeddable":true,"href":"https:\/\/www.europesays.com\/fr\/wp-json\/wp\/v2\/tags?post=507986"}],"curies":[{"name":"wp","href":"https:\/\/api.w.org\/{rel}","templated":true}]}}