{"id":507989,"date":"2025-11-03T02:56:47","date_gmt":"2025-11-03T02:56:47","guid":{"rendered":"https:\/\/www.europesays.com\/fr\/507989\/"},"modified":"2025-11-03T02:56:47","modified_gmt":"2025-11-03T02:56:47","slug":"tennis-felix-auger-aliassime-nira-pas-a-metz","status":"publish","type":"post","link":"https:\/\/www.europesays.com\/fr\/507989\/","title":{"rendered":"Tennis : F\u00e9lix Auger-Aliassime n&rsquo;ira pas \u00e0 Metz"},"content":{"rendered":"<p data-testid=\"wcl-typoNewsPerex\" itemprop=\"description\">Felix Auger-Aliassime, finaliste au Masters 1000 de Paris et candidat \u00e0 la derni\u00e8re des huit places pour le Masters de Turin, a d\u00e9cid\u00e9 de ne pas aller disputer le tournoi ATP 250 de Metz, o\u00f9 il aurait pu glaner d&rsquo;ultimes points d\u00e9cisifs.<\/p>\n<p>En atteignant la finale \u00e0 Paris, perdue <a href=\"https:\/\/www.flashscore.fr\/match\/tennis\/auger-aliassime-f-CzXh4LAb\/sinner-j-6HdC3z4H\/resume\/stats\/0\/?mid=6kHSSC8L\" target=\"_blank\" data-analytics-element=\"ARTICLE_TEXT_LINK\" data-analytics-alias=\"internal\" rel=\"nofollow noopener\"><b>6-4, 7-6 (4)<\/b><\/a> face au nouveau n\u00b01 mondial <b><a href=\"https:\/\/www.flashscore.fr\/joueur\/sinner-jannik\/6HdC3z4H\/\" target=\"_blank\" data-analytics-element=\"ARTICLE_TEXT_LINK\" data-analytics-alias=\"internal\" rel=\"nofollow noopener\">Jannik Sinner<\/a><\/b>, le Montr\u00e9alais de 25 ans est pass\u00e9 huiti\u00e8me \u00e0 la \u00ab\u00a0Race\u00a0\u00bb (le classement dont les 8 premiers se qualifient pour le Masters) mais restera jusqu&rsquo;au bout sous la menace de <a href=\"https:\/\/www.flashscore.fr\/joueur\/musetti-lorenzo\/xtH2ODVI\/\" target=\"_blank\" data-analytics-element=\"ARTICLE_TEXT_LINK\" data-analytics-alias=\"internal\" rel=\"nofollow noopener\"><b>Lorenzo Musetti<\/b><\/a>, juste derri\u00e8re \u00e0 160 points.<\/p>\n<p><b>\u00c0 ce sujet &#8211; <a href=\"https:\/\/www.flashscore.fr\/actualites\/tennis-atp-simples-jannik-sinner-remporte-son-premier-masters-1000-de-paris-et-redevient-n-1-mondial\/C0q4B2It\/\" target=\"_blank\" data-analytics-element=\"ARTICLE_TEXT_LINK\" data-analytics-alias=\"internal\" rel=\"nofollow noopener\">Jannik Sinner remporte son premier Masters 1000 de Paris et redevient n\u00b01 mondial !<\/a><\/b><\/p>\n<p>L&rsquo;Italien s&rsquo;est inscrit en derni\u00e8re minute au tournoi ATP 250 d&rsquo;Ath\u00e8nes (2-8 novembre), o\u00f9 il pourrait d\u00e9crocher jusqu&rsquo;\u00e0 250 points, tandis que \u00ab\u00a0FAA\u00a0\u00bb devait jouer en parall\u00e8le \u00e0 Metz.<\/p>\n<p><b>\u00ab\u00a0Je n&rsquo;irai pas. Je me suis battu avec beaucoup de soucis physiques cette semaine. Je ne vais pas faire les m\u00eames erreurs que par le pass\u00e9. Mon physique et ma sant\u00e9 physique sont vraiment ma priorit\u00e9, au-dessus d&rsquo;une qualification\u00a0\u00bb<\/b> pour le Masters qu&rsquo;il a d\u00e9j\u00e0 disput\u00e9 en 2022, a affirm\u00e9 <b>F\u00e9lix Auger-Aliassime<\/b> en conf\u00e9rence de presse \u00e0 Paris.<\/p>\n<p><b>\u00ab\u00a0Si je me qualifie (pour le Masters), tant mieux. Sinon, Lorenzo (Musetti) m\u00e9ritera sa place\u00a0\u00bb,<\/b> a ajout\u00e9 celui qui grimpera lundi \u00e0 la 8e place au classement ATP.<\/p>\n","protected":false},"excerpt":{"rendered":"Felix Auger-Aliassime, finaliste au Masters 1000 de Paris et candidat \u00e0 la derni\u00e8re des huit places pour le&hellip;\n","protected":false},"author":2,"featured_media":507990,"comment_status":"","ping_status":"","sticky":false,"template":"","format":"standard","meta":{"footnotes":""},"categories":[1415],"tags":[1011,27,60,1467],"class_list":{"0":"post-507989","1":"post","2":"type-post","3":"status-publish","4":"format-standard","5":"has-post-thumbnail","7":"category-tennis","8":"tag-fr","9":"tag-france","10":"tag-sports","11":"tag-tennis"},"share_on_mastodon":{"url":"https:\/\/pubeurope.com\/@fr\/115483524680338610","error":""},"_links":{"self":[{"href":"https:\/\/www.europesays.com\/fr\/wp-json\/wp\/v2\/posts\/507989","targetHints":{"allow":["GET"]}}],"collection":[{"href":"https:\/\/www.europesays.com\/fr\/wp-json\/wp\/v2\/posts"}],"about":[{"href":"https:\/\/www.europesays.com\/fr\/wp-json\/wp\/v2\/types\/post"}],"author":[{"embeddable":true,"href":"https:\/\/www.europesays.com\/fr\/wp-json\/wp\/v2\/users\/2"}],"replies":[{"embeddable":true,"href":"https:\/\/www.europesays.com\/fr\/wp-json\/wp\/v2\/comments?post=507989"}],"version-history":[{"count":0,"href":"https:\/\/www.europesays.com\/fr\/wp-json\/wp\/v2\/posts\/507989\/revisions"}],"wp:featuredmedia":[{"embeddable":true,"href":"https:\/\/www.europesays.com\/fr\/wp-json\/wp\/v2\/media\/507990"}],"wp:attachment":[{"href":"https:\/\/www.europesays.com\/fr\/wp-json\/wp\/v2\/media?parent=507989"}],"wp:term":[{"taxonomy":"category","embeddable":true,"href":"https:\/\/www.europesays.com\/fr\/wp-json\/wp\/v2\/categories?post=507989"},{"taxonomy":"post_tag","embeddable":true,"href":"https:\/\/www.europesays.com\/fr\/wp-json\/wp\/v2\/tags?post=507989"}],"curies":[{"name":"wp","href":"https:\/\/api.w.org\/{rel}","templated":true}]}}