{"id":507991,"date":"2025-11-03T03:01:25","date_gmt":"2025-11-03T03:01:25","guid":{"rendered":"https:\/\/www.europesays.com\/fr\/507991\/"},"modified":"2025-11-03T03:01:25","modified_gmt":"2025-11-03T03:01:25","slug":"apres-son-transfert-chez-uae-benoit-cosnefroy-de-passage-dans-son-fief-de-rauville-la-bigot","status":"publish","type":"post","link":"https:\/\/www.europesays.com\/fr\/507991\/","title":{"rendered":"Apr\u00e8s son transfert chez UAE, Beno\u00eet Cosnefroy de passage dans son fief de Rauville-la-Bigot"},"content":{"rendered":"<p>            Par<br \/>\n        <strong><br \/>\n            <a href=\"https:\/\/actu.fr\/auteur\/b-hue\" title=\"Consulter tous les articles de Baptiste Hue\" target=\"_blank\" rel=\"noopener\">Baptiste Hue<\/a><br \/>\n        <\/strong><\/p>\n<p>        Publi\u00e9 le<\/p>\n<p>            2 nov. 2025 \u00e0 19h31        <\/p>\n<p><b>C\u2019est le buzz du moment.<\/b> Plut\u00f4t creuse en cette p\u00e9riode de rel\u00e2che, l\u2019actualit\u00e9 cycliste a remis le grand braquet la semaine derni\u00e8re avec une annonce \u00e0 laquelle personne ne pouvait s\u2019attendre : le transfert de <a href=\"https:\/\/actu.fr\/tag\/benoit-cosnefroy\" target=\"_blank\" rel=\"noopener\">Beno\u00eet Cosnefroy<\/a> chez <b>UAE Emirates<\/b>, autrement dit<b> la plus grande \u00e9quipe du monde,<\/b> celle de l\u2019ogre <b>Tadej Pogacar,<\/b> le double champion du monde en titre et quadruple vainqueur du Tour de France.<\/p>\n<p class=\" wall-content\">\u00catre int\u00e9gr\u00e9, <b>\u00e0 30 ans<\/b>, dans cet effectif galactique est un aboutissement, une forme de cons\u00e9cration pour le natif de Rauville-la-Bigot (<a href=\"https:\/\/actu.fr\/normandie\/manche_50\" target=\"_blank\" rel=\"noopener\">Manche)<\/a>, <b>o\u00f9 il \u00e9tait de passage ce dimanche 2 novembre 2025<\/b>, qui \u00e9tait certainement loin d\u2019imaginer un tel destin dor\u00e9 au moment de donner ses premiers coups de p\u00e9dale<b> \u00e0 l\u2019\u00e9cole de v\u00e9lo de l\u2019UC Bricquebec. <\/b><\/p>\n<p class=\" wall-content\">Pour reprendre la formule choisie par son p\u00e8re Franck, \u00ab<b> c\u2019est comme si un footballeur du coin avait sign\u00e9 au Real Madrid ou au Paris SG ! <\/b>\u00bb<\/p>\n<p class=\" wall-content\">Ce transfert retentissant \u00e9tait \u00e9galement insoup\u00e7onnable il y a encore un mois, quand le futur papa (en d\u00e9cembre) s\u2019inqui\u00e9tait de ne pas avoir de proposition int\u00e9ressante, <b>songeant m\u00eame<\/b> \u00e0 la possibilit\u00e9 de devoir mettre un terme \u00e0 sa carri\u00e8re.<\/p>\n<p>L\u2019endroit id\u00e9al pour relancer sa carri\u00e8re<\/p>\n<p class=\" wall-content\">L\u2019\u00e2ge du d\u00e9part en retraite est finalement repouss\u00e9. Alors que plusieurs managers avec qui il \u00e9tait en contact ont \u00e9t\u00e9<b> refroidis <\/b>par ses deux op\u00e9rations au genou subies en 2025 et sa longue absence des pelotons (seulement <b>13\u00a0<\/b>jours de course cette saison), la formation \u00e9miratie a pr\u00e9f\u00e9r\u00e9 maintenir sa confiance \u00e0 l\u2019\u00e9gard de l\u2019ancien champion du monde espoirs, en lui proposant un contrat de<b> deux ans. <\/b><\/p>\n<p class=\" wall-content\">\u00ab Cosnefroy\u00a0renforcera la composition d\u00e9j\u00e0 redoutable\u00a0de\u00a0l\u2019\u00e9quipe UAE Team Emirates-XRG<b> pour les courses vallonn\u00e9es d\u2019une journ\u00e9e<\/b> \u00bb, pr\u00e9cise dans un communiqu\u00e9 les dirigeants de sa nouvelle \u00e9quipe, persuad\u00e9s que leur \u00ab frenchy \u00bb saura mettre \u00e0 profit son exp\u00e9rience, sa finesse tactique, et qu\u2019il pourra rapidement retrouver le punch qui lui avait permis de d\u00e9crocher des grandes victoires (<b>GP de Qu\u00e9bec, Bretagne Classic, Fl\u00e8che Braban\u00e7onne\u2026<\/b>) et des<b> belles places d\u2019honneur<\/b> (2e de l\u2019Amstel Gold Race, 2e de la Fl\u00e8che Wallonne\u2026).<\/p>\n<p class=\" wall-content\">Reste \u00e0 savoir quel r\u00f4le lui sera accord\u00e9 au sein de cette armada ? Comment s\u2019articulera la cohabitation avec les leaders comme Tadej Pogacar ? Saura-t-il se fondre dans ce nouvel environnement, \u00e0 l\u2019\u00e9tranger, apr\u00e8s avoir pass\u00e9 <b>neuf saisons<\/b> dans une formation fran\u00e7aise (Decathlon-AG2R La Mondiale) o\u00f9 il b\u00e9n\u00e9ficiait d\u2019un statut de leader, avec une grande libert\u00e9 de man\u0153uvre ?<\/p>\n<p>Votre r\u00e9gion, votre actu !<\/p>\n<p>Recevez chaque jour les infos qui comptent pour vous.<\/p>\n<p>\t<a href=\"https:\/\/actu.fr\/newsletter\" class=\"ac-btn ac-btn--corner ac-btn--medium ac-btn--blue800\" target=\"_blank\" rel=\"noopener\">S&rsquo;incrire<\/a><\/p>\n<p class=\" wall-content\">Dans son entourage, on est <b>convaincus <\/b>que Beno\u00eet Cosnefroy a fait le bon choix pour redonner de l\u2019\u00e9clat \u00e0 sa carri\u00e8re. Avec un suivi optimis\u00e9 (entra\u00eenement, di\u00e9t\u00e9tique\u2026) et un mat\u00e9riel \u00e0 la pointe, UAE offre <b>ce qu\u2019il y a de meilleur<\/b> \u00e0 ses coureurs pour \u00eatre performant.<\/p>\n<p class=\" wall-content\">M\u00eame dans un r\u00f4le diff\u00e9rent, peut-\u00eatre davantage en \u00e9lectron libre ou en deuxi\u00e8me lame, celui que tout le monde surnomme \u00ab Beubeu \u00bb devrait logiquement <b>profiter <\/b>de la force de frappe collective d\u2019UAE pour enrichir son palmar\u00e8s et faire de nouveau vibrer ses nombreux supporters.<\/p>\n<p>UAE, le poids du soup\u00e7on<\/p>\n<p class=\" wall-content\"><b>Revers de la future m\u00e9daille,<\/b> on se doute aussi qu\u2019une saison \u00e9tincelante de sa part ne manquerait pas d\u2019alimenter les soup\u00e7ons autour de sa nouvelle \u00e9quipe dont l\u2019outrageante domination interpelle les observateurs.<\/p>\n<p class=\" wall-content\">Certains craignent qu\u2019il \u00e9corne son image en associant son nom \u00e0 celui de<b> Mauro Gianetti,<\/b> le sulfureux manager d\u2019UAE, m\u00eal\u00e9 \u00e0 des affaires de<b> dopage <\/b>par le pass\u00e9, aussi bien en tant que coureur que dirigeant.<\/p>\n<p class=\" wall-content\">En attendant, l\u2019heure n\u2019est pas venue de faire la fine bouche ou le rabat-joie : dans le petit monde du v\u00e9lo cotentinois, <b>beaucoup ont rarement \u00e9t\u00e9 aussi press\u00e9s de vieillir <\/b>pour voir un \u00ab gamin \u00bb du coin en course avec le maillot de la plus grande \u00e9quipe au monde\u2026<\/p>\n<p class=\" wall-content\">Personnalisez votre actualit\u00e9 en ajoutant vos villes et m\u00e9dias en favori avec <a href=\"https:\/\/moncompte.actu.fr\" title=\"D\u00e9couvez Mon Actu\" rel=\"nofollow noopener\" data-trk=\"{&quot;cta&quot;:{&quot;action&quot;:&quot;https:\\\/\\\/moncompte.actu.fr&quot;,&quot;category&quot;:&quot;mon compte&quot;,&quot;from&quot;:&quot;article footer&quot;,&quot;name&quot;:&quot;Mon actu&quot;,&quot;type&quot;:&quot;cta&quot;}}\" target=\"_blank\">Mon Actu<\/a>.<\/p>\n","protected":false},"excerpt":{"rendered":"Par Baptiste Hue Publi\u00e9 le 2 nov. 2025 \u00e0 19h31 C\u2019est le buzz du moment. Plut\u00f4t creuse en&hellip;\n","protected":false},"author":2,"featured_media":507992,"comment_status":"","ping_status":"","sticky":false,"template":"","format":"standard","meta":{"footnotes":""},"categories":[1411],"tags":[10275,3168,1154,207,1011,27,60,208],"class_list":{"0":"post-507991","1":"post","2":"type-post","3":"status-publish","4":"format-standard","5":"has-post-thumbnail","7":"category-cyclisme","8":"tag-benoit-cosnefroy","9":"tag-cotentin","10":"tag-cycling","11":"tag-cyclisme","12":"tag-fr","13":"tag-france","14":"tag-sports","15":"tag-velo"},"share_on_mastodon":{"url":"https:\/\/pubeurope.com\/@fr\/115483540517388219","error":""},"_links":{"self":[{"href":"https:\/\/www.europesays.com\/fr\/wp-json\/wp\/v2\/posts\/507991","targetHints":{"allow":["GET"]}}],"collection":[{"href":"https:\/\/www.europesays.com\/fr\/wp-json\/wp\/v2\/posts"}],"about":[{"href":"https:\/\/www.europesays.com\/fr\/wp-json\/wp\/v2\/types\/post"}],"author":[{"embeddable":true,"href":"https:\/\/www.europesays.com\/fr\/wp-json\/wp\/v2\/users\/2"}],"replies":[{"embeddable":true,"href":"https:\/\/www.europesays.com\/fr\/wp-json\/wp\/v2\/comments?post=507991"}],"version-history":[{"count":0,"href":"https:\/\/www.europesays.com\/fr\/wp-json\/wp\/v2\/posts\/507991\/revisions"}],"wp:featuredmedia":[{"embeddable":true,"href":"https:\/\/www.europesays.com\/fr\/wp-json\/wp\/v2\/media\/507992"}],"wp:attachment":[{"href":"https:\/\/www.europesays.com\/fr\/wp-json\/wp\/v2\/media?parent=507991"}],"wp:term":[{"taxonomy":"category","embeddable":true,"href":"https:\/\/www.europesays.com\/fr\/wp-json\/wp\/v2\/categories?post=507991"},{"taxonomy":"post_tag","embeddable":true,"href":"https:\/\/www.europesays.com\/fr\/wp-json\/wp\/v2\/tags?post=507991"}],"curies":[{"name":"wp","href":"https:\/\/api.w.org\/{rel}","templated":true}]}}