{"id":507995,"date":"2025-11-03T03:03:17","date_gmt":"2025-11-03T03:03:17","guid":{"rendered":"https:\/\/www.europesays.com\/fr\/507995\/"},"modified":"2025-11-03T03:03:17","modified_gmt":"2025-11-03T03:03:17","slug":"eve-gilles-paree-pour-miss-univers-la-francaise-est-bien-arrivee-en-thailande-pour-lelection-et-elle-devoile-de-premieres-photos","status":"publish","type":"post","link":"https:\/\/www.europesays.com\/fr\/507995\/","title":{"rendered":"Eve Gilles par\u00e9e pour Miss Univers, la Fran\u00e7aise est bien arriv\u00e9e en Tha\u00eflande pour l\u2019\u00e9lection et elle d\u00e9voile de premi\u00e8res photos"},"content":{"rendered":"<p>Les prochains jours s\u2019annoncent charg\u00e9s pour \u00c8ve Gilles. Miss France 2024 a \u00e9t\u00e9 choisie pour repr\u00e9senter la France au concours de Miss Univers 2025. Cette ann\u00e9e, la c\u00e9r\u00e9monie se tient en Tha\u00eflande, et la reine de beaut\u00e9 a annonc\u00e9 \u00e0 ses fans, photos \u00e0 l&rsquo;appui, qu\u2019elle \u00e9tait d\u00e9j\u00e0 arriv\u00e9e sur place !<\/p>\n<p>\u00c8ve Gilles s\u2019appr\u00eate \u00e0 vivre un v\u00e9ritable marathon jusqu\u2019au 21 novembre ! Sacr\u00e9e Miss France 2024, <a href=\"https:\/\/www.programme-tv.net\/news\/evenement\/miss-france-miss-france\/386178-l-accomplissement-d-un-reve-eve-gilles-miss-france-2024-representera-la-france-au-concours-miss-univers-en-thailande\/\" data-api-deeplink=\"teleloisirs:\/\/news\/386178\" target=\"_blank\" rel=\"noopener\">elle a \u00e9t\u00e9 choisie pour repr\u00e9senter la France \u00e0 la 74e \u00e9dition de Miss Univers.<\/a> Pour succ\u00e9der \u00e0 la Danoise Victoria Kj\u00e6r Theilvig, Miss Univers 2024, 125 jeunes femmes venues de tous les continents se disputeront la couronne. Alors que le concours ne d\u00e9butera que dans trois semaines, la Fran\u00e7aise a d\u00e9j\u00e0 pos\u00e9 ses valises en Tha\u00eflande. Elle devra participer \u00e0 de nombreuses apparitions publiques et r\u00e9p\u00e9titions avant le grand jour, ce qui explique sa pr\u00e9sence anticip\u00e9e sur place. Tr\u00e8s proche de sa communaut\u00e9, \u00c8ve partage r\u00e9guli\u00e8rement son quotidien avec ses 400 000 abonn\u00e9s sur Instagram. La jeune femme n\u2019a donc pas h\u00e9sit\u00e9 \u00e0 d\u00e9voiler ses premi\u00e8res photos depuis les terres tha\u00eflandaises.<\/p>\n<p>                        Miss Univers 2025 : arriv\u00e9e en Tha\u00eflande, \u00c8ve Gilles se d\u00e9voile en tenue traditionnelle<\/p>\n<p>M\u00eame si le concours Miss Univers 2025 n\u2019aura lieu que dans trois semaines, \u00c8ve Gilles, d\u00e9j\u00e0 arriv\u00e9e en Tha\u00eflande, ne perd pas une minute ! Pas question pour la reine de beaut\u00e9 de se pr\u00e9lasser sur une plage paradisiaque, la jeune femme de 22 ans encha\u00eene d\u00e9j\u00e0 les apparitions publiques. Sur son compte Instagram, elle a partag\u00e9 ses premiers clich\u00e9s officiels pour le concours, se d\u00e9voilant dans un magnifique sari rose traditionnel, d\u00e9licatement orn\u00e9 de perles, qui lui va \u00e0 ravir. Dans une s\u00e9rie de stories publi\u00e9es ce samedi 1\u1d49\u02b3 novembre, on la d\u00e9couvre dans plusieurs tenues toutes plus \u00e9l\u00e9gantes les unes que les autres : un ensemble jaune avec un haut transparent, un ensemble bleu nuit corset\u00e9, et plus tard par\u00e9e d\u2019un corset blanc associ\u00e9 \u00e0 un pantalon noir lors de sa rencontre avec d\u2019autres candidates. \u00c8ve Gilles incarne \u00e0 merveille le chic \u00e0 la fran\u00e7aise ! On lui souhaite autant de succ\u00e8s qu\u2019Iris Mittenaere, sacr\u00e9e Miss Univers en 2016. Elle pourra en plus compter sur <a href=\"https:\/\/www.programme-tv.net\/news\/evenement\/miss-france-miss-france\/390866-miss-univers-2025-une-ancienne-star-des-bleus-aura-un-role-special-dans-le-concours-auquel-participe-eve-gilles\/\" data-api-deeplink=\"teleloisirs:\/\/news\/390866\" target=\"_blank\" rel=\"noopener\">le soutien d\u2019un c\u00e9l\u00e8bre sportif fran\u00e7ais pr\u00e9sent dans le jury<\/a>.<\/p>\n<p>            \u00ab\u00a0C\u2019est un honneur immense de porter les couleurs de mon pays dans un concours aussi prestigieux\u00a0\u00bb : \u00c8ve Gilles est en route pour Miss Univers 2025<\/p>\n<p>\u00c8ve Gilles a accompagn\u00e9 ses portraits officiels pour Miss Univers publi\u00e9s sur son compte Instagram d\u2019un message plein d\u2019espoir : \u00ab\u00a0Je suis tellement heureuse d\u2019\u00eatre ici, en Tha\u00eflande, pour repr\u00e9senter la France \u00e0 Miss Univers ! C\u2019est un immense honneur de porter les couleurs de mon pays dans un concours aussi prestigieux, au c\u0153ur d\u2019un pays magnifique et si accueillant.\u00a0\u00bb Il ne reste plus qu\u2019\u00e0 croiser les doigts pour le 21 novembre prochain !<\/p>\n<p><b>Les photos d&rsquo;Eve Gilles sont \u00e0 retrouver <\/b><a href=\"https:\/\/www.instagram.com\/p\/DQi6-1UDV5w\/?img_index=1\" target=\"_blank\" rel=\"noopener\"><b>en cliquant ICI<\/b><\/a><b>.<\/b><\/p>\n<p>        <script async src=\"\/\/www.instagram.com\/embed.js\"><\/script><\/p>\n","protected":false},"excerpt":{"rendered":"Les prochains jours s\u2019annoncent charg\u00e9s pour \u00c8ve Gilles. Miss France 2024 a \u00e9t\u00e9 choisie pour repr\u00e9senter la France&hellip;\n","protected":false},"author":2,"featured_media":507996,"comment_status":"","ping_status":"","sticky":false,"template":"","format":"standard","meta":{"footnotes":""},"categories":[1359],"tags":[244,14591,58,59,62973,62972,1011,27,3034,30091,973,5251],"class_list":{"0":"post-507995","1":"post","2":"type-post","3":"status-publish","4":"format-standard","5":"has-post-thumbnail","7":"category-people","8":"tag-commentaire","9":"tag-dals","10":"tag-divertissement","11":"tag-entertainment","12":"tag-eve-gilles","13":"tag-eve-gilles-miss-france-2024","14":"tag-fr","15":"tag-france","16":"tag-miss-france","17":"tag-miss-univers","18":"tag-people","19":"tag-tu00e9lu00e9-loisirs"},"share_on_mastodon":{"url":"https:\/\/pubeurope.com\/@fr\/115483548355731193","error":""},"_links":{"self":[{"href":"https:\/\/www.europesays.com\/fr\/wp-json\/wp\/v2\/posts\/507995","targetHints":{"allow":["GET"]}}],"collection":[{"href":"https:\/\/www.europesays.com\/fr\/wp-json\/wp\/v2\/posts"}],"about":[{"href":"https:\/\/www.europesays.com\/fr\/wp-json\/wp\/v2\/types\/post"}],"author":[{"embeddable":true,"href":"https:\/\/www.europesays.com\/fr\/wp-json\/wp\/v2\/users\/2"}],"replies":[{"embeddable":true,"href":"https:\/\/www.europesays.com\/fr\/wp-json\/wp\/v2\/comments?post=507995"}],"version-history":[{"count":0,"href":"https:\/\/www.europesays.com\/fr\/wp-json\/wp\/v2\/posts\/507995\/revisions"}],"wp:featuredmedia":[{"embeddable":true,"href":"https:\/\/www.europesays.com\/fr\/wp-json\/wp\/v2\/media\/507996"}],"wp:attachment":[{"href":"https:\/\/www.europesays.com\/fr\/wp-json\/wp\/v2\/media?parent=507995"}],"wp:term":[{"taxonomy":"category","embeddable":true,"href":"https:\/\/www.europesays.com\/fr\/wp-json\/wp\/v2\/categories?post=507995"},{"taxonomy":"post_tag","embeddable":true,"href":"https:\/\/www.europesays.com\/fr\/wp-json\/wp\/v2\/tags?post=507995"}],"curies":[{"name":"wp","href":"https:\/\/api.w.org\/{rel}","templated":true}]}}