{"id":5080,"date":"2025-04-06T10:55:08","date_gmt":"2025-04-06T10:55:08","guid":{"rendered":"https:\/\/www.europesays.com\/fr\/5080\/"},"modified":"2025-04-06T10:55:08","modified_gmt":"2025-04-06T10:55:08","slug":"cecile-et-marion-remportent-la-saison-20-de-pekin-express","status":"publish","type":"post","link":"https:\/\/www.europesays.com\/fr\/5080\/","title":{"rendered":"C\u00e9cile et Marion remportent la saison 20 de \u00abP\u00e9kin Express\u00bb"},"content":{"rendered":"<p>Les deux \u00e9tudiantes, qui ont aussi \u00e9t\u00e9 candidates \u00e0 Miss France, ont gagn\u00e9 le jeu d\u2019aventure de M6 face au couple form\u00e9 par Judith et \u00c9tienne.<\/p>\n<p class=\"fig-paragraph\">Apr\u00e8s 45 jours de comp\u00e9tition intense \u00e0 travers l\u2019Afrique, la saison 20 de\u00a0<a href=\"https:\/\/www.lefigaro.fr\/tag\/pekin-express\" target=\"_blank\" rel=\"noopener\" data-gtm-custom-categorie=\"navigation\" data-gtm-custom-action=\"crossclick\" data-gtm-custom-label=\"Contextuel\" data-gtm-event=\"customEventSPE\"><strong>\u00abP\u00e9kin Express\u00bb<\/strong><\/a> \u00a0a pris fin ce samedi 5 avril sur M6 \u00e0 Johannesburg en Afrique du Sud avec la victoire de C\u00e9cile et Marion.<\/p>\n<p class=\"fig-paragraph\">Les deux \u00e9tudiantes ont devanc\u00e9 d\u2019une petite minute trente le couple form\u00e9 par Judith et \u00c9tienne. Ces deux anciennes candidates \u00e0 l\u2019\u00e9lection\u00a0<a href=\"https:\/\/www.lefigaro.fr\/tag\/miss-france\" target=\"_blank\" rel=\"noopener\" data-gtm-custom-categorie=\"navigation\" data-gtm-custom-action=\"crossclick\" data-gtm-custom-label=\"Contextuel\" data-gtm-event=\"customEventSPE\">Miss France<\/a>, qui ont termin\u00e9 chacune deuxi\u00e8me dauphine du concours de beaut\u00e9 \u00e0 un an de diff\u00e9rence, voulaient casser les clich\u00e9s, affirmer leur personnalit\u00e9 et se challenger en participant \u00e0 cette aventure. Elles ont r\u00e9ussi avec brio en faisant r\u00e9guli\u00e8rement la course en t\u00eate durant la saison. Elles se confient sur cette aventure hors normes qui les a soud\u00e9es pour toujours.<\/p>\n<p class=\"fig-paragraph\"><strong>TV MAGAZINE &#8211; Qu\u2019avez-vous ressenti quand vous avez su que vous avez gagn\u00e9\u00a0?<\/strong><br \/><strong>MARION &#8211;<\/strong> Peu de monde nous attendait en finale, nous les premi\u00e8res, et on a r\u00e9ussi \u00e0 gagner. C\u2019\u00e9tait beaucoup d\u2019\u00e9motions, de fiert\u00e9 et d\u2019\u00e9tonnement.<br \/><strong>C\u00c9CILE &#8211;<\/strong> C\u2019\u00e9tait \u00e0 la fois un soulagement, avec le poids de l\u2019aventure qui s\u2019est \u00e9vapor\u00e9 et un sentiment de fiert\u00e9 \u00e9norme. On est proches de nos familles et on s\u2019est dit que nos parents allaient \u00eatre tr\u00e8s fiers, c\u2019est le sentiment qui a pr\u00e9domin\u00e9.<\/p>\n<p class=\"fig-body-link\">\n            \u00c0 lire aussi<br \/>\n        <a class=\"fig-body-link__link\" href=\"http:\/\/tvmag.lefigaro.fr\/programme-tv\/actu-tele\/un-pekin-express-des-neiges-stephane-rotenberg-devoile-la-prochaine-destination-de-l-emission-20250313\" target=\"_blank\" data-fig-type=\"Article\" rel=\"noopener\" data-gtm-custom-categorie=\"navigation\" data-gtm-custom-action=\"crossclick\" data-gtm-custom-label=\"Contextuel\" data-gtm-event=\"customEventSPE\" data-fig-domain=\"TVMAG\">\u00abUn \u201cP\u00e9kin Express\u201d des neiges\u00bb\u00a0: St\u00e9phane Rotenberg d\u00e9voile la prochaine destination de l\u2019\u00e9mission<br \/>\n    <\/a>\n<\/p>\n<p class=\"fig-paragraph\"><strong>Que repr\u00e9sentait cette victoire pour chacune d\u2019entre vous\u00a0?<\/strong><br \/><strong>C &#8211;<\/strong> Un d\u00e9passement, un gain de confiance en moi parce que je n\u2019aurais jamais pens\u00e9 pouvoir gagner \u00abP\u00e9kin Express\u00bb. C\u2019est une aventure complexe, qui demande beaucoup d\u2019aptitudes physiques, sportives, mentales, de strat\u00e9gie, de logique et je ne savais pas que j\u2019\u00e9tais capable de g\u00e9rer tout \u00e7a en m\u00eame temps que la pression. On avait envie aussi de casser les codes. Je trouve que c\u2019est une belle revanche de montrer que derri\u00e8re le physique, il y a deux jeunes femmes aventuri\u00e8res qui ont des t\u00eates bien pleines.<br \/><strong>M &#8211;<\/strong> Je suis venue aussi me challenger. J\u2019ai seulement 21 ans et cette exp\u00e9rience est tr\u00e8s formatrice. C\u2019\u00e9tait une bonne fa\u00e7on aussi de prendre confiance en moi et d\u2019avoir une petite revanche sur notre aventure Miss France o\u00f9 j\u2019ai loup\u00e9 de peu la victoire.<\/p>\n<p class=\"fig-paragraph\"><strong>Vous n\u2019avez pas particip\u00e9 \u00e0 Miss France la m\u00eame ann\u00e9e, comment \u00eates-vous devenues amies\u00a0?<\/strong><br \/><strong>M &#8211;<\/strong> C\u00e9cile est deuxi\u00e8me dauphine de Miss France 2022, et moi j\u2019\u00e9tais candidate d\u00e9partementale l\u2019ann\u00e9e d\u2019apr\u00e8s. Elle m\u2019a envoy\u00e9 un message en me disant qu\u2019elle croyait en moi. \u00c7a m\u2019avait beaucoup touch\u00e9e. Et, coup du sort, j\u2019ai termin\u00e9 deuxi\u00e8me dauphine, comme elle. On a donc cr\u00e9\u00e9 des liens tr\u00e8s forts parce que c\u2019est une place qui n\u2019est pas super facile et que Miss France est une aventure \u00e9prouvante.<\/p>\n<p class=\"fig-paragraph\"><strong>Comment s\u2019est d\u00e9roul\u00e9e la finale pour vous\u00a0?<\/strong><br \/>C &#8211; Ce n\u2019est jamais simple. C\u2019est difficile, fatigant, stressant parce qu\u2019apr\u00e8s 45 jours d\u2019aventure, on arrive \u00e0 la cons\u00e9cration. Il y a donc une pression de malade et il faut essayer de ne pas se laisser submerger par le stress.<\/p>\n<p class=\"fig-paragraph\"><strong>Est-ce que vous craigniez Judith et \u00c9tienne\u00a0?<\/strong><br \/><strong>M &#8211; <\/strong>C\u2019\u00e9tait, pour nous, le bin\u00f4me le plus redoutable d\u00e8s le d\u00e9part et le plus complet. Ils sont surentra\u00een\u00e9s, \u00e7a fait huit ans qu\u2019ils candidatent, ils sont hyper complices, ils r\u00e9fl\u00e9chissent beaucoup, ils font beaucoup de sport, ils sont tr\u00e8s amoureux&#8230;<\/p>\n<p class=\"fig-body-link\">\n            \u00c0 lire aussi<br \/>\n        <a class=\"fig-body-link__link\" href=\"http:\/\/tvmag.lefigaro.fr\/programme-tv\/actu-tele\/nous-comptons-sur-votre-bienveillance-m6-deplore-le-harcelement-de-candidates-de-pekin-express-20250311\" target=\"_blank\" data-fig-type=\"Article\" rel=\"noopener\" data-gtm-custom-categorie=\"navigation\" data-gtm-custom-action=\"crossclick\" data-gtm-custom-label=\"Contextuel\" data-gtm-event=\"customEventSPE\" data-fig-domain=\"TVMAG\">\u00abNous comptons sur votre bienveillance\u00bb\u00a0: M6 d\u00e9plore le harc\u00e8lement de candidates de \u00abP\u00e9kin Express\u00bb<br \/>\n    <\/a>\n<\/p>\n<p class=\"fig-paragraph\"><strong>Pendant l\u2019aventure, vous avez souvent eu de la chance pour le stop, sauf lors du dernier trajet \u2026<\/strong><br \/><strong>C &#8211; <\/strong>Oui, on a eu un moment de pression de dingue parce que tout d\u2019un coup, les voitures ne s\u2019arr\u00eataient pas parce qu\u2019on \u00e9tait sur une esp\u00e8ce de branche d\u2019autoroute, la nuit. C\u2019\u00e9tait tr\u00e8s compliqu\u00e9, donc on a eu un gros stress. On avait connu pire avant mais, le probl\u00e8me, c\u2019est que ce n\u2019\u00e9tait pas le bon moment.<\/p>\n<p class=\"fig-paragraph\"><strong>Vous \u00eates arriv\u00e9es avec seulement 1 minute 30 d\u2019avance sur vos concurrents, le plus petit \u00e9cart de l\u2019\u00e9mission\u2026<\/strong><br \/><strong>M &#8211; <\/strong>M\u00eame si on savait que \u00e7a allait \u00eatre serr\u00e9, on ne s\u2019attendait pas \u00e0 si peu d\u2019\u00e9cart dans une finale qui dure des heures. Depuis le d\u00e9but de l\u2019aventure et de la finale en particulier, c\u2019\u00e9tait tr\u00e8s serr\u00e9, on n\u2019arr\u00eatait pas de se d\u00e9passer \u00e0 tour de r\u00f4le.<\/p>\n<blockquote class=\"fig-quote&#10;    \">\n<p class=\"fig-quote__text\">\u00ab On avait une confiance aveugle l\u2019une dans l\u2019autre\u00a0\u00bb<\/p>\n<p>            Marion\n    <\/p><\/blockquote>\n<p class=\"fig-paragraph\"><strong>Quels ont \u00e9t\u00e9 vos atouts pour remporter cette aventure\u00a0?<\/strong><br \/><strong>M &#8211; <\/strong>La compl\u00e9mentarit\u00e9 et la complicit\u00e9. On a r\u00e9ussi \u00e0 mettre \u00e0 profit nos qualit\u00e9s pour en faire une force sans jamais se juger. On avait une confiance aveugle l\u2019une dans l\u2019autre. \u00c7a a toujours coul\u00e9 de source entre nous.<\/p>\n<p class=\"fig-paragraph\"><strong>Vous \u00eates partie avec peu d\u2019argent, comment l\u2019avez-vous v\u00e9cu\u00a0?<\/strong><br \/><strong>C &#8211;<\/strong> On n\u2019a pas fait \u00abP\u00e9kin Express\u00bb pour l\u2019argent mais pour se d\u00e9passer, d\u00e9couvrir des gens, vivre une aventure humaine, partir \u00e0 la rencontre de culture et pour se challenger. L\u2019argent, c\u2019\u00e9tait un plus si on allait au bout. Avant la derni\u00e8re \u00e9preuve, on avait quasiment 70 000 euros dans notre cagnotte. Ensuite, on a perdu beaucoup d\u2019argent, on \u00e9tait d\u00e9\u00e7ues parce qu\u2019on conna\u00eet la valeur des choses mais on ne voulait pas se laisser d\u00e9concentrer. Notre but c\u2019\u00e9tait de gagner \u00abP\u00e9kin Express\u00bb avant tout.<\/p>\n<p class=\"fig-paragraph\"><strong>Est-ce que vous \u00e9tiez pr\u00e9par\u00e9es en amont de l\u2019aventure\u00a0?<\/strong><br \/><strong>C &#8211; <\/strong>On a fait un peu de sport mais je pense qu\u2019on peut faire tout et n\u2019importe quoi, on ne se pr\u00e9pare jamais vraiment \u00e0 \u00abP\u00e9kin Express\u00bb. Il y a le stress, la comp\u00e9tition, le fait de dormir chez l\u2019habitant dans des conditions qui sont parfois difficiles et de ne pas trop manger dans la journ\u00e9e\u2026 Tout \u00e7a, on ne peut pas s\u2019y pr\u00e9parer.<\/p>\n<p class=\"fig-body-link\">\n            \u00c0 lire aussi<br \/>\n        <a class=\"fig-body-link__link\" href=\"http:\/\/tvmag.lefigaro.fr\/programme-tv\/actu-tele\/on-est-le-boulet-que-les-candidats-ne-veulent-pas-avoir-glenn-viel-revient-sur-sa-participation-dans-pekin-express-20250220\" target=\"_blank\" data-fig-type=\"Article\" rel=\"noopener\" data-gtm-custom-categorie=\"navigation\" data-gtm-custom-action=\"crossclick\" data-gtm-custom-label=\"Contextuel\" data-gtm-event=\"customEventSPE\" data-fig-domain=\"TVMAG\">\u00abOn est le boulet que les candidats ne veulent pas avoir\u00bb\u00a0: Glenn Viel revient sur sa participation dans \u00abP\u00e9kin Express\u00bb<br \/>\n    <\/a>\n<\/p>\n<p class=\"fig-paragraph\"><strong>Qu\u2019est-ce qui vous a le plus surpris\u00a0?<\/strong><br \/><strong>M &#8211;<\/strong> On a regard\u00e9 toutes les saisons mais c\u2019est plus difficile que ce que l\u2019on voit. Le plus compliqu\u00e9 a \u00e9t\u00e9 l\u2019endurance. Quand on s\u00e9journe chez l\u2019habitant, on se r\u00e9veille beaucoup, on ne dort jamais sur ses deux oreilles, on ne mange pas \u00e0 notre faim et on a peu d\u2019hygi\u00e8ne\u2026 C\u2019est l\u2019accumulation de tout \u00e7a pendant 45 jours qui rend l\u2019aventure plus difficile. M\u00eame si nos nuits chez les habitants ont \u00e9t\u00e9 les plus beaux moments de notre aventure.<\/p>\n<p class=\"fig-paragraph\"><strong>\u00c9tiez-vous d\u00e9j\u00e0 all\u00e9es en Afrique\u00a0?<\/strong><br \/><strong>C &#8211; <\/strong>Je connaissais bien la Tanzanie parce que j\u2019y ai une association d\u2019aide humanitaire internationale qui s\u2019appelle Sunny Steps donc je me rends l\u00e0-bas trois ou quatre fois par an pour am\u00e9nager des orphelinats et rendre l\u2019acc\u00e8s \u00e0 la sant\u00e9 et \u00e0 l\u2019\u00e9ducation aux jeunes filles. N\u00e9anmoins, je n\u2019avais jamais mis un pied au Mozambique, au Lesotho et en Afrique du Sud, et j\u2019ai trouv\u00e9 \u00e7a assez extraordinaire. J\u2019ai \u00e9t\u00e9 marqu\u00e9e par les paysages et le mode de vie au Lesotho.<br \/><strong>M &#8211; <\/strong>Moi, c\u2019\u00e9tait la toute premi\u00e8re fois que j\u2019allais dans ces pays. C\u2019\u00e9tait une d\u00e9couverte totale et un d\u00e9paysement profond. L\u2019hospitalit\u00e9 des gens m\u2019a marqu\u00e9e. Ils n\u2019ont rien et nous donnent tout, \u00e7a nous a inspir\u00e9es et donn\u00e9 de la force.<\/p>\n<p class=\"fig-paragraph\"><strong>Qu\u2019avez-vous appris sur vous-m\u00eame\u00a0?<\/strong><br \/><strong>C &#8211; <\/strong>J\u2019ai d\u00e9couvert que j\u2019\u00e9tais capable d\u2019\u00eatre aventuri\u00e8re, de me d\u00e9placer dans des conditions d\u2019inconfort que je ne connaissais pas, de partir avec un sac sur le dos \u00e0 l\u2019autre bout du monde et de faire des treks, de dormir par terre, d\u2019\u00eatre en difficult\u00e9\u2026\u00a0<br \/><strong>M &#8211; <\/strong>J\u2019ai appris \u00e0 me faire confiance parce que j\u2019ai remarqu\u00e9 que je ne me mettais aucune limite. On m\u2019a mis face \u00e0 mes plus grosses phobies, sans nouvelle de ma famille, pour autant, je n\u2019ai jamais recul\u00e9. J\u2019ai fait des choses incroyables. Cette aventure permet aussi d\u2019avoir une ouverture d\u2019esprit \u00e9norme.<\/p>\n<blockquote class=\"fig-quote&#10;    \">\n<p class=\"fig-quote__text\">\u00ab \u00c0 \u201cP\u00e9kin Express\u201d, \u00e7a passe ou \u00e7a casse\u00a0\u00bb<\/p>\n<p>            Marion\n    <\/p><\/blockquote>\n<p class=\"fig-paragraph\"><strong>Comment a \u00e9volu\u00e9 votre lien\u00a0?<\/strong><br \/><strong>M &#8211; <\/strong>\u00c0 \u00abP\u00e9kin Express\u00bb, \u00e7a passe ou \u00e7a casse. Avec C\u00e9cile, on se connaissait dans les bons moments, mais jamais dans la difficult\u00e9. Donc, on s\u2019est d\u00e9couvertes et on a cr\u00e9\u00e9 des liens de dingue. On est ressorties de cette aventure comme des s\u0153urs. On s\u2019est tellement soutenues et donn\u00e9es l\u2019une pour l\u2019autre que, d\u00e9sormais, notre relation est tr\u00e8s particuli\u00e8re.<br \/><strong>C &#8211;<\/strong> On est parties amies et on est revenues s\u0153urs. On a v\u00e9cu une aventure pr\u00e9cieuse que l\u2019on ch\u00e9rit et qui est propre \u00e0 nous deux. Nous seules pouvons la comprendre.<\/p>\n<p class=\"fig-body-link\">\n            \u00c0 lire aussi<br \/>\n        <a class=\"fig-body-link__link\" href=\"http:\/\/tvmag.lefigaro.fr\/programme-tv\/actu-tele\/deces-de-maurice-candidat-des-saisons-11-et-13-de-pekin-express-a-l-age-de-86-ans-20250211\" target=\"_blank\" data-fig-type=\"Article\" rel=\"noopener\" data-gtm-custom-categorie=\"navigation\" data-gtm-custom-action=\"crossclick\" data-gtm-custom-label=\"Contextuel\" data-gtm-event=\"customEventSPE\" data-fig-domain=\"TVMAG\">D\u00e9c\u00e8s de Maurice, candidat des saisons 11 et 13 de \u00abP\u00e9kin Express\u00bb, \u00e0 l\u2019\u00e2ge de 86 ans<br \/>\n    <\/a>\n<\/p>\n<p class=\"fig-paragraph\"><strong>Comment s\u2019est pass\u00e9 le retour \u00e0 la r\u00e9alit\u00e9\u00a0?<\/strong><br \/><strong>M &#8211; <\/strong>On \u00e9tait tr\u00e8s heureuses de retrouver nos familles. On \u00e9tait un peu d\u00e9pays\u00e9es de pouvoir se doucher quand on voulait, manger ce qu\u2019on voulait, ne plus avoir un sac de 12 kilos sur le dos.\u00a0<br \/><strong>C &#8211;<\/strong> Le retour s\u2019est tr\u00e8s bien pass\u00e9 parce qu\u2019on n\u2019avait que des super souvenirs. Personnellement, il y avait une telle pression que j\u2019ai r\u00eav\u00e9 de \u00abP\u00e9kin Express\u00bb pendant un mois et demi. Je m\u2019endormais en pensant \u00e0 la strat\u00e9gie du lendemain. Le premier matin en rentrant, je me suis r\u00e9veill\u00e9e \u00e0 5 heures en sursaut en me disant \u00ab Je n\u2019ai pas fait mon sac\u00a0!\u00a0\u00bb. C\u2019\u00e9tait marrant.<\/p>\n<p class=\"fig-paragraph\"><strong>Qu\u2019allez-vous faire de vos 4900 euros remport\u00e9s?<\/strong><br \/><strong>C &#8211;<\/strong> J\u2019avais dit que je reverserais mes gains \u00e0 mon association. Cela va permettre de continuer mes projets d\u2019am\u00e9nagement d\u2019orphelinats. Le dernier qui \u00e0 ouvert, \u00e9tait plac\u00e9 \u00e0 100 m du d\u00e9part de \u00abP\u00e9kin Express\u00bb, c\u2019\u00e9tait fou\u00a0! J\u2019y ai vu un signe.<br \/><strong>M &#8211;<\/strong> Je suis en \u00e9cole de mode, et j\u2019ai toujours r\u00eav\u00e9 de cr\u00e9er ma marque de v\u00eatements donc j\u2019aimerais investir un peu dans ma marque. Mais je veux aussi en faire profiter mes proches en voyageant. Cr\u00e9er des souvenirs avec les gens qu\u2019on aime, c\u2019est le plus important. C\u2019est l\u2019une des le\u00e7ons de vie de \u00abP\u00e9kin Express\u00bb.<\/p>\n<p>\u00a0\u00bb<br \/>\n        data-script=\u00a0\u00bbhttps:\/\/static.lefigaro.fr\/widget-video\/short-ttl\/video\/index.js\u00a0\u00bb<br \/>\n    &gt;<\/p>\n","protected":false},"excerpt":{"rendered":"Les deux \u00e9tudiantes, qui ont aussi \u00e9t\u00e9 candidates \u00e0 Miss France, ont gagn\u00e9 le jeu d\u2019aventure de M6&hellip;\n","protected":false},"author":2,"featured_media":5081,"comment_status":"","ping_status":"","sticky":false,"template":"","format":"standard","meta":{"footnotes":""},"categories":[8],"tags":[497,496,499,58,59,1011,27,494,500,3034,504,505,495,3172,503,502,501,498],"class_list":{"0":"post-5080","1":"post","2":"type-post","3":"status-publish","4":"format-standard","5":"has-post-thumbnail","7":"category-divertissement","8":"tag-actu-tv","9":"tag-actualite-tv","10":"tag-buzz-tv","11":"tag-divertissement","12":"tag-entertainment","13":"tag-fr","14":"tag-france","15":"tag-m6","16":"tag-medias","17":"tag-miss-france","18":"tag-news-tele","19":"tag-news-television","20":"tag-news-tv","21":"tag-pekin-express","22":"tag-programme-tele","23":"tag-programme-tv","24":"tag-quiz-tv","25":"tag-tv-actu"},"share_on_mastodon":{"url":"https:\/\/pubeurope.com\/@fr\/114290656820766455","error":""},"_links":{"self":[{"href":"https:\/\/www.europesays.com\/fr\/wp-json\/wp\/v2\/posts\/5080","targetHints":{"allow":["GET"]}}],"collection":[{"href":"https:\/\/www.europesays.com\/fr\/wp-json\/wp\/v2\/posts"}],"about":[{"href":"https:\/\/www.europesays.com\/fr\/wp-json\/wp\/v2\/types\/post"}],"author":[{"embeddable":true,"href":"https:\/\/www.europesays.com\/fr\/wp-json\/wp\/v2\/users\/2"}],"replies":[{"embeddable":true,"href":"https:\/\/www.europesays.com\/fr\/wp-json\/wp\/v2\/comments?post=5080"}],"version-history":[{"count":0,"href":"https:\/\/www.europesays.com\/fr\/wp-json\/wp\/v2\/posts\/5080\/revisions"}],"wp:featuredmedia":[{"embeddable":true,"href":"https:\/\/www.europesays.com\/fr\/wp-json\/wp\/v2\/media\/5081"}],"wp:attachment":[{"href":"https:\/\/www.europesays.com\/fr\/wp-json\/wp\/v2\/media?parent=5080"}],"wp:term":[{"taxonomy":"category","embeddable":true,"href":"https:\/\/www.europesays.com\/fr\/wp-json\/wp\/v2\/categories?post=5080"},{"taxonomy":"post_tag","embeddable":true,"href":"https:\/\/www.europesays.com\/fr\/wp-json\/wp\/v2\/tags?post=5080"}],"curies":[{"name":"wp","href":"https:\/\/api.w.org\/{rel}","templated":true}]}}