{"id":508001,"date":"2025-11-03T03:07:18","date_gmt":"2025-11-03T03:07:18","guid":{"rendered":"https:\/\/www.europesays.com\/fr\/508001\/"},"modified":"2025-11-03T03:07:18","modified_gmt":"2025-11-03T03:07:18","slug":"its-time-mariah-carey-lance-la-saison-de-noel-en-video-et-en-chanson","status":"publish","type":"post","link":"https:\/\/www.europesays.com\/fr\/508001\/","title":{"rendered":"\u00ab\u00a0It&rsquo;s time !!!\u00a0\u00bb : Mariah Carey lance la saison de No\u00ebl en vid\u00e9o et en chanson"},"content":{"rendered":"<ul class=\"jsx-862013697 ArticleChapo__List\">\n<li class=\"jsx-862013697 ArticleChapo__List_Item flex\">Mariah Carey a publi\u00e9 samedi sur ses r\u00e9seaux sociaux une vid\u00e9o d\u00e9clarant ouverte la saison des f\u00eates de No\u00ebl.<\/li>\n<li class=\"jsx-862013697 ArticleChapo__List_Item flex\">Dans un clip promotionnel, elle entonne sa c\u00e9l\u00e8bre chanson \u00ab\u00a0All I Want For Christmas Is You\u00a0\u00bb, devenue incontournable en cette p\u00e9riode de l&rsquo;ann\u00e9e.<\/li>\n<\/ul>\n<p data-module=\"article-paragraph\" class=\"jsx-3046738180 Paragraph Paragraph__End\">Elle va retentir partout jusqu&rsquo;\u00e0 la fin de l&rsquo;ann\u00e9e. Il est d\u00e9sormais impossible d&rsquo;\u00e9chapper \u00e0 ce qui est devenu l&rsquo;hymne incontournable des f\u00eates de No\u00ebl : la chanson <a href=\"https:\/\/www.tf1info.fr\/culture\/video-chanson-all-i-want-for-christmas-is-you-5-anecdotes-sur-le-tube-de-noel-de-mariah-carey-2240959.html\" target=\"_blank\" rel=\"noopener\">\u00ab\u00a0All I Want For Christmas Is You\u00a0\u00bb <\/a>de Mariah Carey. La chanteuse &#8211; et la marque de cosm\u00e9tiques avec laquelle elle s&rsquo;est associ\u00e9e pour l&rsquo;occasion &#8211; n&rsquo;a d&rsquo;ailleurs pas perdu de temps, et a publi\u00e9 ce samedi 1er novembre un clip vid\u00e9o dans lequel on entend r\u00e9sonner son air le plus connu, sorti en 1994.\u00a0<\/p>\n<p data-module=\"article-paragraph\" class=\"jsx-3046738180 Paragraph Paragraph__End\">Dans ce petit film, la chanteuse habill\u00e9e en ange surprend un elfe lui voler ses paquets, l&rsquo;informer que lui et ses camarades sont \u00ab\u00a0en gr\u00e8ve\u00a0\u00bb et lui assurer que cette ann\u00e9e \u00ab\u00a0No\u00ebl est annul\u00e9\u00a0\u00bb. <a href=\"https:\/\/www.tf1info.fr\/culture\/mariah-carey-annonce-la-mort-de-sa-mere-patricia-et-sa-soeur-alison-le-meme-jour-2316489.html\" target=\"_blank\" rel=\"noopener\">Mariah Carey<\/a> en d\u00e9cide autrement. En hurlant \u00ab\u00a0It&rsquo;s time !!!\u00a0\u00bb elle se transforme en M\u00e8re No\u00ebl, m\u00e9tamorphose l&rsquo;elfe grincheux en bonhomme de neige, et s&rsquo;envole dans le ciel de New York \u00e0 bord d&rsquo;un tra\u00eeneau.\u00a0<\/p>\n<p><a href=\"https:\/\/www.tf1info.fr\/culture\/mariah-carey-classee-en-tete-des-charts-billboard-avec-son-tube-all-i-want-for-christmas-is-you-depuis-quatre-decennies-2141738.html\" rel=\"noopener\" class=\"jsx-3308031228 Link flex\" target=\"_blank\"><img decoding=\"async\" src=\"https:\/\/www.europesays.com\/fr\/wp-content\/uploads\/2025\/11\/mariah-carey_-ece692-0@1x.jpeg\" alt=\"La chanteuse am\u00e9ricaine Mariah Carey bat un record avec son tube &quot;All I want for Christmas is you&quot;.\" loading=\"lazy\" importance=\"low\" fetchpriority=\"low\" class=\"\" aria-hidden=\"true\"\/><\/p>\n<p class=\"jsx-3657663356 ReadMoreArticle__Title\">Lire aussi<\/p>\n<p class=\"jsx-3657663356\">\u00ab\u00a0All I Want For Christmas is You\u00a0\u00bb : Mariah Carey en t\u00eate des charts&#8230; depuis quatre d\u00e9cennies !<\/p>\n<p><\/a><\/p>\n<p data-module=\"article-paragraph\" class=\"jsx-3046738180 Paragraph Paragraph__End\">\u00ab\u00a0All I Want for Christmas Is You\u00a0\u00bb est l&rsquo;un des titres les plus diffus\u00e9s de tous les temps, il a domin\u00e9 les ventes dans plus d&rsquo;une vingtaine de pays, et il est abondamment diffus\u00e9 chaque fin d&rsquo;ann\u00e9e. En 2022, le tube s&rsquo;\u00e9tait vendu \u00e0 16 millions d&rsquo;exemplaires et il avait \u00e0 lui seul rapport\u00e9 quelque 60 millions de dollars \u00e0 Mariah Carey en trois d\u00e9cennies. En 2019 \u00e0 la p\u00e9riode des f\u00eates, 25 ans apr\u00e8s sa sortie, cette chanson s&rsquo;\u00e9tait hiss\u00e9e en t\u00eate des ventes de single aux \u00c9tats-Unis. D\u00e9j\u00e0 populaire durant les ann\u00e9es 90 et 2000, le titre a b\u00e9n\u00e9fici\u00e9 d&rsquo;un coup de fouet gr\u00e2ce \u00e0 son inclusion dans la bande originale du film Love Actually (2003) mais surtout avec l&rsquo;\u00e9mergence du streaming.<\/p>\n<p>La r\u00e9daction de TF1info<\/p>\n","protected":false},"excerpt":{"rendered":"Mariah Carey a publi\u00e9 samedi sur ses r\u00e9seaux sociaux une vid\u00e9o d\u00e9clarant ouverte la saison des f\u00eates de&hellip;\n","protected":false},"author":2,"featured_media":508002,"comment_status":"","ping_status":"","sticky":false,"template":"","format":"standard","meta":{"footnotes":""},"categories":[1355],"tags":[1111,11,1921,58,59,62974,1011,27,1922,34115,2041,1361,873,128,133,2040],"class_list":{"0":"post-508001","1":"post","2":"type-post","3":"status-publish","4":"format-standard","5":"has-post-thumbnail","7":"category-musique","8":"tag-actu","9":"tag-actualites","10":"tag-article-video","11":"tag-divertissement","12":"tag-entertainment","13":"tag-fetes-de-noel","14":"tag-fr","15":"tag-france","16":"tag-info","17":"tag-mariah-carey","18":"tag-medias-et-divertissement","19":"tag-music","20":"tag-musique","21":"tag-streaming","22":"tag-video","23":"tag-video-culture"},"share_on_mastodon":{"url":"https:\/\/pubeurope.com\/@fr\/115483564903873851","error":""},"_links":{"self":[{"href":"https:\/\/www.europesays.com\/fr\/wp-json\/wp\/v2\/posts\/508001","targetHints":{"allow":["GET"]}}],"collection":[{"href":"https:\/\/www.europesays.com\/fr\/wp-json\/wp\/v2\/posts"}],"about":[{"href":"https:\/\/www.europesays.com\/fr\/wp-json\/wp\/v2\/types\/post"}],"author":[{"embeddable":true,"href":"https:\/\/www.europesays.com\/fr\/wp-json\/wp\/v2\/users\/2"}],"replies":[{"embeddable":true,"href":"https:\/\/www.europesays.com\/fr\/wp-json\/wp\/v2\/comments?post=508001"}],"version-history":[{"count":0,"href":"https:\/\/www.europesays.com\/fr\/wp-json\/wp\/v2\/posts\/508001\/revisions"}],"wp:featuredmedia":[{"embeddable":true,"href":"https:\/\/www.europesays.com\/fr\/wp-json\/wp\/v2\/media\/508002"}],"wp:attachment":[{"href":"https:\/\/www.europesays.com\/fr\/wp-json\/wp\/v2\/media?parent=508001"}],"wp:term":[{"taxonomy":"category","embeddable":true,"href":"https:\/\/www.europesays.com\/fr\/wp-json\/wp\/v2\/categories?post=508001"},{"taxonomy":"post_tag","embeddable":true,"href":"https:\/\/www.europesays.com\/fr\/wp-json\/wp\/v2\/tags?post=508001"}],"curies":[{"name":"wp","href":"https:\/\/api.w.org\/{rel}","templated":true}]}}