{"id":508023,"date":"2025-11-03T03:22:48","date_gmt":"2025-11-03T03:22:48","guid":{"rendered":"https:\/\/www.europesays.com\/fr\/508023\/"},"modified":"2025-11-03T03:22:48","modified_gmt":"2025-11-03T03:22:48","slug":"conference-sur-la-modernisation-de-lagriculture-durant-loccupation","status":"publish","type":"post","link":"https:\/\/www.europesays.com\/fr\/508023\/","title":{"rendered":"Conf\u00e9rence sur la modernisation de l\u2019agriculture durant l\u2019Occupation"},"content":{"rendered":"<p>Samedi 8\u00a0novembre, la Soci\u00e9t\u00e9 d\u2019agriculture, lettres, sciences et arts de la Haute-Sa\u00f4ne (Salsa) accueillera Margot Lyautey, ing\u00e9nieure de l\u2019\u00e9cole polytechnique, docteure en histoire. Elle donnera une conf\u00e9rence sur \u00ab\u00a0Apprendre de l\u2019occupant\u00a0? Modernisation de l\u2019agriculture fran\u00e7aise entre\u00a01940 et\u00a01944\u00a0\u00bb. Elle analysera comment l\u2019Allemagne nazie a cherch\u00e9, pendant l\u2019Occupation, \u00e0 moderniser l\u2019agriculture fran\u00e7aise.<\/p>\n<p class=\"note\">Entr\u00e9e libre. Samedi 8\u00a0novembre, \u00e0 14\u00a0h\u00a030, \u00e0 la Salsa, au 1, rue des Ursulines, \u00e0 Vesoul (cour du mus\u00e9e Jean-L\u00e9on-G\u00e9r\u00f4me, porte \u00e0 gauche).<\/p>\n","protected":false},"excerpt":{"rendered":"Samedi 8\u00a0novembre, la Soci\u00e9t\u00e9 d\u2019agriculture, lettres, sciences et arts de la Haute-Sa\u00f4ne (Salsa) accueillera Margot Lyautey, ing\u00e9nieure de&hellip;\n","protected":false},"author":2,"featured_media":508024,"comment_status":"","ping_status":"","sticky":false,"template":"","format":"standard","meta":{"footnotes":""},"categories":[9635],"tags":[1111,11,6211,1687,8698,1777,674,1011,27,775,1702,12,5486,25,3673,8697],"class_list":{"0":"post-508023","1":"post","2":"type-post","3":"status-publish","4":"format-standard","5":"has-post-thumbnail","7":"category-nancy","8":"tag-actu","9":"tag-actualites","10":"tag-conference","11":"tag-culture-loisirs","12":"tag-edition-vesoul-haute-saone","13":"tag-eu","14":"tag-europe","15":"tag-fr","16":"tag-france","17":"tag-grand-est","18":"tag-nancy","19":"tag-news","20":"tag-rencontre","21":"tag-republique-francaise","22":"tag-vesoul","23":"tag-vesoul-ville-70a"},"share_on_mastodon":{"url":"https:\/\/pubeurope.com\/@fr\/115483626905051622","error":""},"_links":{"self":[{"href":"https:\/\/www.europesays.com\/fr\/wp-json\/wp\/v2\/posts\/508023","targetHints":{"allow":["GET"]}}],"collection":[{"href":"https:\/\/www.europesays.com\/fr\/wp-json\/wp\/v2\/posts"}],"about":[{"href":"https:\/\/www.europesays.com\/fr\/wp-json\/wp\/v2\/types\/post"}],"author":[{"embeddable":true,"href":"https:\/\/www.europesays.com\/fr\/wp-json\/wp\/v2\/users\/2"}],"replies":[{"embeddable":true,"href":"https:\/\/www.europesays.com\/fr\/wp-json\/wp\/v2\/comments?post=508023"}],"version-history":[{"count":0,"href":"https:\/\/www.europesays.com\/fr\/wp-json\/wp\/v2\/posts\/508023\/revisions"}],"wp:featuredmedia":[{"embeddable":true,"href":"https:\/\/www.europesays.com\/fr\/wp-json\/wp\/v2\/media\/508024"}],"wp:attachment":[{"href":"https:\/\/www.europesays.com\/fr\/wp-json\/wp\/v2\/media?parent=508023"}],"wp:term":[{"taxonomy":"category","embeddable":true,"href":"https:\/\/www.europesays.com\/fr\/wp-json\/wp\/v2\/categories?post=508023"},{"taxonomy":"post_tag","embeddable":true,"href":"https:\/\/www.europesays.com\/fr\/wp-json\/wp\/v2\/tags?post=508023"}],"curies":[{"name":"wp","href":"https:\/\/api.w.org\/{rel}","templated":true}]}}