{"id":508027,"date":"2025-11-03T03:25:25","date_gmt":"2025-11-03T03:25:25","guid":{"rendered":"https:\/\/www.europesays.com\/fr\/508027\/"},"modified":"2025-11-03T03:25:25","modified_gmt":"2025-11-03T03:25:25","slug":"corsica-ferries-ouvre-une-nouvelle-ligne-entre-toulon-et-propriano","status":"publish","type":"post","link":"https:\/\/www.europesays.com\/fr\/508027\/","title":{"rendered":"Corsica Ferries ouvre une nouvelle ligne entre Toulon et Propriano"},"content":{"rendered":"<p>\t\t\t\t\t \u00c0 partir du 6 novembre, la desserte maritime de la Corse connait du nouveau. Corsica Ferries proposera en effet d\u00e9sormais une liaison hebdomadaire entre Toulon et Propriano, apr\u00e8s une escale \u00e0 Ajaccio. Une premi\u00e8re pour la compagnie aux bateaux jaunes, qui \u00e9tend ainsi son r\u00e9seau vers le golfe du Valinco. <br \/>  \u00a0 <br \/>  Jusqu\u2019ici, seule la Corsica Linea desservait Propriano dans le cadre de la D\u00e9l\u00e9gation de Service Public. Avec cette nouvelle desserte, Corsica Ferries vient diversifier l\u2019offre maritime \u00e0 destination de la micror\u00e9gion, tout en renfor\u00e7ant sa pr\u00e9sence sur la c\u00f4te ouest de l\u2019\u00eele. <br \/>  \u00a0 <br \/>  Les travers\u00e9es s\u2019effectueront\u00a0tous les jeudis au d\u00e9part de Toulon, \u00e0\u00a020 heures, pour une\u00a0arriv\u00e9e pr\u00e9vue \u00e0 9 h 15\u00a0le lendemain matin \u00e0 Propriano apr\u00e8s un arr\u00eat \u00e0 Ajaccio \u00e0 7h. Dans l\u2019autre sens, le\u00a0retour s\u2019effectuera le vendredi, avec un\u00a0d\u00e9part du port corse \u00e0 18 heures. <br \/>  \u00a0 <br \/>  Ce nouvel itin\u00e9raire s\u2019inscrit dans une r\u00e9organisation du r\u00e9seau de la Corsica Ferries, qui a par ailleurs r\u00e9duit le nombre de rotations vers Porto-Vecchio. <\/p>\n<p>Les billets sont d&rsquo;ores et d\u00e9j\u00e0 r\u00e9servables sur le site de la compagnie maritime.\n\t\t\t\t <\/p>\n","protected":false},"excerpt":{"rendered":"\u00c0 partir du 6 novembre, la desserte maritime de la Corse connait du nouveau. Corsica Ferries proposera en&hellip;\n","protected":false},"author":2,"featured_media":508028,"comment_status":"","ping_status":"","sticky":false,"template":"","format":"standard","meta":{"footnotes":""},"categories":[9619],"tags":[1111,11,5622,11049,2517,11050,11051,11052,62975,62976,1777,674,1011,27,12,62977,882,25,62978,2310],"class_list":{"0":"post-508027","1":"post","2":"type-post","3":"status-publish","4":"format-standard","5":"has-post-thumbnail","7":"category-toulon","8":"tag-actu","9":"tag-actualites","10":"tag-ajaccio","11":"tag-cni","12":"tag-corse","13":"tag-corse-net-infos","14":"tag-corsenetinfos","15":"tag-corsica","16":"tag-corsica-ferries","17":"tag-desserte-maritime-de-la-corse","18":"tag-eu","19":"tag-europe","20":"tag-fr","21":"tag-france","22":"tag-news","23":"tag-propriano","24":"tag-provence-alpes-cote-dazur","25":"tag-republique-francaise","26":"tag-rotations-maritimes","27":"tag-toulon"},"share_on_mastodon":{"url":"https:\/\/pubeurope.com\/@fr\/115483634749805790","error":""},"_links":{"self":[{"href":"https:\/\/www.europesays.com\/fr\/wp-json\/wp\/v2\/posts\/508027","targetHints":{"allow":["GET"]}}],"collection":[{"href":"https:\/\/www.europesays.com\/fr\/wp-json\/wp\/v2\/posts"}],"about":[{"href":"https:\/\/www.europesays.com\/fr\/wp-json\/wp\/v2\/types\/post"}],"author":[{"embeddable":true,"href":"https:\/\/www.europesays.com\/fr\/wp-json\/wp\/v2\/users\/2"}],"replies":[{"embeddable":true,"href":"https:\/\/www.europesays.com\/fr\/wp-json\/wp\/v2\/comments?post=508027"}],"version-history":[{"count":0,"href":"https:\/\/www.europesays.com\/fr\/wp-json\/wp\/v2\/posts\/508027\/revisions"}],"wp:featuredmedia":[{"embeddable":true,"href":"https:\/\/www.europesays.com\/fr\/wp-json\/wp\/v2\/media\/508028"}],"wp:attachment":[{"href":"https:\/\/www.europesays.com\/fr\/wp-json\/wp\/v2\/media?parent=508027"}],"wp:term":[{"taxonomy":"category","embeddable":true,"href":"https:\/\/www.europesays.com\/fr\/wp-json\/wp\/v2\/categories?post=508027"},{"taxonomy":"post_tag","embeddable":true,"href":"https:\/\/www.europesays.com\/fr\/wp-json\/wp\/v2\/tags?post=508027"}],"curies":[{"name":"wp","href":"https:\/\/api.w.org\/{rel}","templated":true}]}}