{"id":508032,"date":"2025-11-03T03:33:21","date_gmt":"2025-11-03T03:33:21","guid":{"rendered":"https:\/\/www.europesays.com\/fr\/508032\/"},"modified":"2025-11-03T03:33:21","modified_gmt":"2025-11-03T03:33:21","slug":"rennes-habib-beye-repond-a-ceux-qui-le-voyaient-dehors","status":"publish","type":"post","link":"https:\/\/www.europesays.com\/fr\/508032\/","title":{"rendered":"Rennes : Habib Beye r\u00e9pond \u00e0 ceux qui le voyaient dehors"},"content":{"rendered":"<p>Interrog\u00e9 sur la fa\u00e7on dont il avait g\u00e9r\u00e9 cette semaine \u00e0 haute tension, Habib Beye a r\u00e9v\u00e9l\u00e9 la cl\u00e9 de son sang-froid. Apr\u00e8s la d\u00e9faite contre Nice (1-2), beaucoup le disaient sur un si\u00e8ge \u00e9jectable. Pourtant, il est rest\u00e9 fid\u00e8le \u00e0 ses principes : \u00ab Le secret, c\u2019est de ne pas montrer de doute. Les joueurs, aujourd\u2019hui, ont besoin d\u2019avoir un staff et un coach qui ont les id\u00e9es claires. \u00bb Un message fort, destin\u00e9 autant \u00e0 son vestiaire qu\u2019\u00e0 son environnement imm\u00e9diat.<\/p>\n<p>\u00c0 travers cette victoire et cette attitude, Habib Beye a peut-\u00eatre pos\u00e9 les bases d\u2019un redressement attendu. Son message d\u2019unit\u00e9, son calme et sa capacit\u00e9 \u00e0 f\u00e9d\u00e9rer pourraient s\u2019av\u00e9rer d\u00e9terminants dans la suite de la saison. Car si le chemin reste long,<a href=\"https:\/\/www.goal.com\/fr\/listes\/rennes-habib-beye-hausse-le-ton-pour-deux-cadres\/blt15210968191fe589\" target=\"_self\" rel=\"noopener\">\u00a0l\u2019ancien d\u00e9fenseur de l\u2019OM a prouv\u00e9 qu\u2019il n\u2019avait pas perdu la main ni la confiance de son groupe.<\/a><\/p>\n","protected":false},"excerpt":{"rendered":"Interrog\u00e9 sur la fa\u00e7on dont il avait g\u00e9r\u00e9 cette semaine \u00e0 haute tension, Habib Beye a r\u00e9v\u00e9l\u00e9 la&hellip;\n","protected":false},"author":2,"featured_media":508033,"comment_status":"","ping_status":"","sticky":false,"template":"","format":"standard","meta":{"footnotes":""},"categories":[2821],"tags":[1111,11,829,1777,674,1011,27,25442,66,12,584,62473,25,640],"class_list":{"0":"post-508032","1":"post","2":"type-post","3":"status-publish","4":"format-standard","5":"has-post-thumbnail","7":"category-rennes","8":"tag-actu","9":"tag-actualites","10":"tag-bretagne","11":"tag-eu","12":"tag-europe","13":"tag-fr","14":"tag-france","15":"tag-h-beye","16":"tag-ligue-1","17":"tag-news","18":"tag-rennes","19":"tag-rennes-vs-strasbourg","20":"tag-republique-francaise","21":"tag-strasbourg"},"share_on_mastodon":{"url":"https:\/\/pubeurope.com\/@fr\/115483666257574526","error":""},"_links":{"self":[{"href":"https:\/\/www.europesays.com\/fr\/wp-json\/wp\/v2\/posts\/508032","targetHints":{"allow":["GET"]}}],"collection":[{"href":"https:\/\/www.europesays.com\/fr\/wp-json\/wp\/v2\/posts"}],"about":[{"href":"https:\/\/www.europesays.com\/fr\/wp-json\/wp\/v2\/types\/post"}],"author":[{"embeddable":true,"href":"https:\/\/www.europesays.com\/fr\/wp-json\/wp\/v2\/users\/2"}],"replies":[{"embeddable":true,"href":"https:\/\/www.europesays.com\/fr\/wp-json\/wp\/v2\/comments?post=508032"}],"version-history":[{"count":0,"href":"https:\/\/www.europesays.com\/fr\/wp-json\/wp\/v2\/posts\/508032\/revisions"}],"wp:featuredmedia":[{"embeddable":true,"href":"https:\/\/www.europesays.com\/fr\/wp-json\/wp\/v2\/media\/508033"}],"wp:attachment":[{"href":"https:\/\/www.europesays.com\/fr\/wp-json\/wp\/v2\/media?parent=508032"}],"wp:term":[{"taxonomy":"category","embeddable":true,"href":"https:\/\/www.europesays.com\/fr\/wp-json\/wp\/v2\/categories?post=508032"},{"taxonomy":"post_tag","embeddable":true,"href":"https:\/\/www.europesays.com\/fr\/wp-json\/wp\/v2\/tags?post=508032"}],"curies":[{"name":"wp","href":"https:\/\/api.w.org\/{rel}","templated":true}]}}