{"id":508041,"date":"2025-11-03T03:39:23","date_gmt":"2025-11-03T03:39:23","guid":{"rendered":"https:\/\/www.europesays.com\/fr\/508041\/"},"modified":"2025-11-03T03:39:23","modified_gmt":"2025-11-03T03:39:23","slug":"fc-nantes-metz-sifflez-apres-le-match-ou-sifflez-moi-les-canaris-chahutes-par-les","status":"publish","type":"post","link":"https:\/\/www.europesays.com\/fr\/508041\/","title":{"rendered":"FC Nantes-Metz. \u00ab\u00a0Sifflez apr\u00e8s le match ou sifflez-moi\u00a0\u00bb\u00a0: les Canaris chahut\u00e9s par les"},"content":{"rendered":"<p>Le capital patience de la Beaujoire n\u2019est pas illimit\u00e9. Alors qu\u2019ils avaient \u00e9t\u00e9 d\u2019une grande mansu\u00e9tude depuis le d\u00e9but de la saison, encourageant et applaudissant les joueurs m\u00eame apr\u00e8s les d\u00e9faites, comme mercredi contre Monaco (5-3), les supporters nantais ont, pour la premi\u00e8re fois, exprim\u00e9 leur m\u00e9contentement, ce dimanche, \u00e0 l\u2019issue de <a href=\"https:\/\/www.ouest-france.fr\/sport\/football\/ligue-1\/direct\/direct-fc-nantes-fc-metz-suivez-le-match-de-la-11e-journee-de-ligue-1-en-live-2409253f-76fc-401a-8b13-b49d35b24c82\" target=\"_self\" rel=\"nofollow noopener\">la d\u00e9faite contre le FC Metz (0-2)<\/a>. Et ils n\u2019ont m\u00eame pas attendu le coup de sifflet final.<\/p>\n<p>Alors que les hommes de Luis Castro tentaient de porter le danger sur le but messin pour revenir au score dans les arr\u00eats de jeu, ils ont entendu des sifflets descendre des tribunes, et notamment de la tribune Loire, qui s\u2019est m\u00eame mise \u00e0 chambrer son \u00e9quipe \u00e0 chaque transmission manqu\u00e9e. <strong>\u00ab\u00a0Je pense que ce n\u2019\u00e9tait pas le moment de siffler,<\/strong> regrette le coach portugais. <strong>Les supporters ont le droit de siffler, car ils repr\u00e9sentent tout pour le club, et s\u2019ils d\u00e9cident de le faire, je l\u2019accepte. Mais je le redis\u00a0: attendez la fin du match\u00a0! Ou alors, sifflez-moi car c\u2019est moi qui pr\u00e9pare la rencontre.\u00a0Cela n\u2019a jamais rien apport\u00e9 de siffler tes joueurs. Je ne cherche pas d\u2019excuse mais quand on regarde la colonne vert\u00e9brale de l\u2019\u00e9quipe, Chidozie (Awaziem), Mwanga ou El Arabi, aucun n\u2019\u00e9tait l\u00e0 la saison derni\u00e8re. C\u2019est dur, surtout pour les jeunes.\u00a0\u00bb<\/strong><\/p>\n<p><strong>Lire aussi\u00a0:<\/strong> <a href=\"https:\/\/nantes.maville.com\/sport\/detail_-fc-nantes-fc-metz.-les-notes-des-nantais-tati-coule-tabibou-sombre...-_8-7047065_actu.Htm\" target=\"_self\" rel=\"nofollow noopener\">FC Nantes &#8211; FC Metz. Les notes des Nantais\u00a0: Tati coule, Tabibou sombre\u2026<\/a><\/p>\n<p>Amian\u00a0: \u00ab\u00a0Il faut nous aider\u00a0\u00bb<\/p>\n<p><strong>\u00ab\u00a0S\u00e9v\u00e8re\u00a0\u00bb<\/strong> aussi pour le capitaine Kelvin Amian\u00a0: <strong>\u00ab\u00a0Il reste des matches et on montre un beau visage depuis le d\u00e9but. Ils nous ont toujours encourag\u00e9s et, aujourd\u2019hui, \u00e7a nous siffle m\u00eame quand on fait un peu tourner le ballon en premi\u00e8re mi-temps. Il faut nous aider, parce qu\u2019on donne tout depuis le d\u00e9but de saison. Je suis le premier d\u00e9go\u00fbt\u00e9.\u00a0\u00bb<\/strong><\/p>\n<p>Ce dimanche, ils \u00e9taient encore 27\u00a0150\u00a0dans les trav\u00e9es de la Beaujoire.<\/p>\n<p>\u00a0<\/p>\n","protected":false},"excerpt":{"rendered":"Le capital patience de la Beaujoire n\u2019est pas illimit\u00e9. Alors qu\u2019ils avaient \u00e9t\u00e9 d\u2019une grande mansu\u00e9tude depuis le&hellip;\n","protected":false},"author":2,"featured_media":508042,"comment_status":"","ping_status":"","sticky":false,"template":"","format":"standard","meta":{"footnotes":""},"categories":[2818],"tags":[1111,11,14015,2063,1777,674,1011,27,1922,1393,2487,766,12,2636,1404,25,2923,4251,853],"class_list":{"0":"post-508041","1":"post","2":"type-post","3":"status-publish","4":"format-standard","5":"has-post-thumbnail","7":"category-nantes","8":"tag-actu","9":"tag-actualites","10":"tag-alencon","11":"tag-annonces","12":"tag-eu","13":"tag-europe","14":"tag-fr","15":"tag-france","16":"tag-info","17":"tag-loisirs","18":"tag-meteo","19":"tag-nantes","20":"tag-news","21":"tag-pays-de-la-loire","22":"tag-quotidien","23":"tag-republique-francaise","24":"tag-restaurants","25":"tag-sortir","26":"tag-spectacles"},"share_on_mastodon":{"url":"https:\/\/pubeurope.com\/@fr\/115483689905701168","error":""},"_links":{"self":[{"href":"https:\/\/www.europesays.com\/fr\/wp-json\/wp\/v2\/posts\/508041","targetHints":{"allow":["GET"]}}],"collection":[{"href":"https:\/\/www.europesays.com\/fr\/wp-json\/wp\/v2\/posts"}],"about":[{"href":"https:\/\/www.europesays.com\/fr\/wp-json\/wp\/v2\/types\/post"}],"author":[{"embeddable":true,"href":"https:\/\/www.europesays.com\/fr\/wp-json\/wp\/v2\/users\/2"}],"replies":[{"embeddable":true,"href":"https:\/\/www.europesays.com\/fr\/wp-json\/wp\/v2\/comments?post=508041"}],"version-history":[{"count":0,"href":"https:\/\/www.europesays.com\/fr\/wp-json\/wp\/v2\/posts\/508041\/revisions"}],"wp:featuredmedia":[{"embeddable":true,"href":"https:\/\/www.europesays.com\/fr\/wp-json\/wp\/v2\/media\/508042"}],"wp:attachment":[{"href":"https:\/\/www.europesays.com\/fr\/wp-json\/wp\/v2\/media?parent=508041"}],"wp:term":[{"taxonomy":"category","embeddable":true,"href":"https:\/\/www.europesays.com\/fr\/wp-json\/wp\/v2\/categories?post=508041"},{"taxonomy":"post_tag","embeddable":true,"href":"https:\/\/www.europesays.com\/fr\/wp-json\/wp\/v2\/tags?post=508041"}],"curies":[{"name":"wp","href":"https:\/\/api.w.org\/{rel}","templated":true}]}}