{"id":508054,"date":"2025-11-03T03:50:29","date_gmt":"2025-11-03T03:50:29","guid":{"rendered":"https:\/\/www.europesays.com\/fr\/508054\/"},"modified":"2025-11-03T03:50:29","modified_gmt":"2025-11-03T03:50:29","slug":"un-mort-et-deux-blesses-graves-dans-le-crash-dun-petit-avion-pres-de-marseille","status":"publish","type":"post","link":"https:\/\/www.europesays.com\/fr\/508054\/","title":{"rendered":"Un mort et deux bless\u00e9s graves dans le crash d\u2019un petit avion pr\u00e8s de Marseille"},"content":{"rendered":"<p>Tragique accident en ce premier jour du mois de novembre. Samedi, un homme est d\u00e9c\u00e9d\u00e9 et deux autres ont \u00e9t\u00e9 gri\u00e8vement bless\u00e9s dans le <a href=\"https:\/\/www.20minutes.fr\/faits_divers\/4182023-20251028-kenya-crash-avion-provoque-11-morts-dont-8-hongrois-deux-allemands\" target=\"_blank\" class=\"c-link c-link--is-underlined\" rel=\"noopener\">crash d\u2019un petit avion<\/a> sur la commune de <a href=\"https:\/\/www.20minutes.fr\/societe\/4180025-20251017-non-mairie-commune-bouches-rhone-vendre-leboncoin\" target=\"_blank\" class=\"c-link c-link--is-underlined\" rel=\"noopener\">Roquefort-la-B\u00e9doule<\/a>, \u00e0 une trentaine de kilom\u00e8tres de <a href=\"https:\/\/www.20minutes.fr\/marseille\/\" class=\"c-link c-link--is-underlined\" target=\"_blank\" rel=\"noopener\">Marseille<\/a>, ont indiqu\u00e9 les sapeurs-pompiers des <a href=\"https:\/\/www.20minutes.fr\/dossier\/bouches-rhone\" class=\"c-link c-link--is-underlined\" target=\"_blank\" rel=\"noopener\">Bouches-du-Rh\u00f4ne<\/a>.<\/p>\n<p>Le pilote qui a succomb\u00e9 \u00e0 l\u2019impact \u00e9tait \u00e2g\u00e9 de 40 ans. Les deux passagers, deux hommes d\u2019une quarantaine d\u2019ann\u00e9es, souffrent de \u00ab\u00a0polytraumatismes\u00a0\u00bb. Ils ont \u00e9t\u00e9 \u00e9vacu\u00e9s vers un h\u00f4pital, sans pr\u00e9cision pour l\u2019heure sur l\u2019engagement de leur pronostic vital, selon la m\u00eame source. L\u2019accident s\u2019est produit vers 16h30 dans un massif de la commune, plus pr\u00e9cis\u00e9ment au Pas d\u2019Oullier.<\/p>\n<p>Les conditions m\u00e9t\u00e9orologiques point\u00e9es du doigt<\/p>\n<p>L\u2019appareil, un petit a\u00e9ronef qui avait d\u00e9coll\u00e9 de Salon-de-Provence pour un vol local dans la r\u00e9gion, se serait \u00e9cras\u00e9 vers 17 heures \u00ab\u00a0a priori en raison des conditions m\u00e9t\u00e9orologiques\u00a0\u00bb, a confi\u00e9 une source proche du dossier.<\/p>\n<\/p>\n<p>D\u2019apr\u00e8s des informations rapport\u00e9es par <a href=\"https:\/\/www.laprovence.com\/article\/faits-divers-justice\/3708552856664314\/un-mort-et-deux-blesses-ce-que-l-on-sait-du-crash-d-un-avion-de-tourisme-a-roquefort-la-bedoule\" rel=\"nofollow noopener\" target=\"_blank\" class=\"c-link c-link--is-underlined\">La Provence<\/a>, l\u2019avion volait \u00e0 une vitesse \u00e9lev\u00e9e et \u00e0 une altitude anormalement basse au moment du drame. Aucune habitation n\u2019a \u00e9t\u00e9 touch\u00e9e, ont assur\u00e9 les pompiers. Une enqu\u00eate est en cours pour d\u00e9terminer les circonstances exactes.<\/p>\n","protected":false},"excerpt":{"rendered":"Tragique accident en ce premier jour du mois de novembre. Samedi, un homme est d\u00e9c\u00e9d\u00e9 et deux autres&hellip;\n","protected":false},"author":2,"featured_media":508055,"comment_status":"","ping_status":"","sticky":false,"template":"","format":"standard","meta":{"footnotes":""},"categories":[2814],"tags":[10996,1111,47,11,37,885,4098,1777,674,118,7505,1011,27,884,12,883,1311,882,25],"class_list":{"0":"post-508054","1":"post","2":"type-post","3":"status-publish","4":"format-standard","5":"has-post-thumbnail","7":"category-marseille","8":"tag-accident-davion","9":"tag-actu","10":"tag-actualite","11":"tag-actualites","12":"tag-avion","13":"tag-bouches-du-rhone","14":"tag-crash","15":"tag-eu","16":"tag-europe","17":"tag-faits-divers","18":"tag-faits-divers-marseille","19":"tag-fr","20":"tag-france","21":"tag-marseille","22":"tag-news","23":"tag-paca","24":"tag-pompiers","25":"tag-provence-alpes-cote-dazur","26":"tag-republique-francaise"},"share_on_mastodon":{"url":"https:\/\/pubeurope.com\/@fr\/115483733163939045","error":""},"_links":{"self":[{"href":"https:\/\/www.europesays.com\/fr\/wp-json\/wp\/v2\/posts\/508054","targetHints":{"allow":["GET"]}}],"collection":[{"href":"https:\/\/www.europesays.com\/fr\/wp-json\/wp\/v2\/posts"}],"about":[{"href":"https:\/\/www.europesays.com\/fr\/wp-json\/wp\/v2\/types\/post"}],"author":[{"embeddable":true,"href":"https:\/\/www.europesays.com\/fr\/wp-json\/wp\/v2\/users\/2"}],"replies":[{"embeddable":true,"href":"https:\/\/www.europesays.com\/fr\/wp-json\/wp\/v2\/comments?post=508054"}],"version-history":[{"count":0,"href":"https:\/\/www.europesays.com\/fr\/wp-json\/wp\/v2\/posts\/508054\/revisions"}],"wp:featuredmedia":[{"embeddable":true,"href":"https:\/\/www.europesays.com\/fr\/wp-json\/wp\/v2\/media\/508055"}],"wp:attachment":[{"href":"https:\/\/www.europesays.com\/fr\/wp-json\/wp\/v2\/media?parent=508054"}],"wp:term":[{"taxonomy":"category","embeddable":true,"href":"https:\/\/www.europesays.com\/fr\/wp-json\/wp\/v2\/categories?post=508054"},{"taxonomy":"post_tag","embeddable":true,"href":"https:\/\/www.europesays.com\/fr\/wp-json\/wp\/v2\/tags?post=508054"}],"curies":[{"name":"wp","href":"https:\/\/api.w.org\/{rel}","templated":true}]}}