{"id":508058,"date":"2025-11-03T03:52:33","date_gmt":"2025-11-03T03:52:33","guid":{"rendered":"https:\/\/www.europesays.com\/fr\/508058\/"},"modified":"2025-11-03T03:52:33","modified_gmt":"2025-11-03T03:52:33","slug":"rapidement-reduit-a-dix-lyon-obtient-le-point-du-nul-a-brest","status":"publish","type":"post","link":"https:\/\/www.europesays.com\/fr\/508058\/","title":{"rendered":"rapidement r\u00e9duit \u00e0 dix, Lyon obtient le point du nul \u00e0 Brest"},"content":{"rendered":"<p>Lyonnais et Brestois n&rsquo;ont pas r\u00e9ussis \u00e0 se d\u00e9partager ce dimanche soir (0-0) au stade Francis-Le Bl\u00e9, pour refermer cette 11e journ\u00e9e de Ligue 1. Pourtant r\u00e9duit \u00e0 dix d\u00e8s la 7e minute de jeu, l&rsquo;OL a fait le dos rond et ramen\u00e9 un point de Bretagne, non sans frayeurs.<\/p>\n<p>Quatre jours apr\u00e8s avoir laiss\u00e9 filer un <a href=\"https:\/\/www.republicain-lorrain.fr\/sport\/2025\/10\/29\/ligue-1-paris-bute-sur-lorient-nice-l-emporte-face-a-lille-metz-decroche-sa-premiere-victoire\" target=\"_blank\" rel=\"noopener\">avantage de trois buts contre le Paris FC (3-3)<\/a>, Lyon ne s&rsquo;est pas facilit\u00e9 le t\u00e2che en se retrouvant en inf\u00e9riorit\u00e9 num\u00e9rique d\u00e8s le tout d\u00e9but du match.<\/p>\n<p>Pris de vitesse par l&rsquo;ailier Path\u00e9 Mboup, le d\u00e9fenseur <a href=\"https:\/\/www.republicain-lorrain.fr\/p\/hans-hateboer\" target=\"_blank\" rel=\"noopener\">Hans Hateboer<\/a> est intervenu pied en avant sur le tibia du Camerounais, ce qui a valu aux N\u00e9erlandais un carton d&rsquo;abord jaune puis rouge apr\u00e8s visionnage des images par Cl\u00e9ment Turpin (7e).<\/p>\n<p>Greif encore tr\u00e8s pr\u00e9cieux<\/p>\n<p>Repositionn\u00e9 en 4-4-1, avec l&rsquo;ancien Brestois <a href=\"https:\/\/www.republicain-lorrain.fr\/p\/martin-satriano\" target=\"_blank\" rel=\"noopener\">Martin Satriano<\/a> en pointe, Lyon a montr\u00e9 beaucoup de calme et de s\u00e9r\u00e9nit\u00e9, faisant appr\u00e9cier un jeu collectif et une qualit\u00e9 technique bien sup\u00e9rieurs \u00e0 ceux de Brest.<\/p>\n<p>Les Gones ont m\u00eame su imposer des s\u00e9quences de conservation de balle \u00e0 leurs adversaires et s&rsquo;approcher des buts finist\u00e9riens m\u00eame si, dans les 30 derniers m\u00e8tres, ils n&rsquo;ont pas su cr\u00e9er de grosses diff\u00e9rences.<\/p>\n<p>La meilleure occasion est revenue aux locaux avec une frappe en demi-vol\u00e9e de Ludovic Ajorque repouss\u00e9e par <a href=\"https:\/\/www.republicain-lorrain.fr\/p\/dominik-greif\" target=\"_blank\" rel=\"noopener\">Dominik Greif<\/a> qui a ensuite bien bouch\u00e9 l&rsquo;angle face \u00e0 Mboup \u00e0 l&rsquo;aff\u00fbt (27e).<\/p>\n<p>Joie de courte dur\u00e9e pour Brest<\/p>\n<p>Mais l&rsquo;un des probl\u00e8mes de l&rsquo;OL depuis le d\u00e9but de la saison a souvent \u00e9t\u00e9 de tenir les 90 minutes et Brest a sembl\u00e9 beaucoup miser sur le fait qu&rsquo;il baisserait de rythme sur la seconde p\u00e9riode. Plus entreprenant, le SB29 a m\u00eame cru ouvrir le score sur une tr\u00e8s belle frappe envelopp\u00e9e de Mboup dans la lucarne de Greif (58e), mais le drapeau lev\u00e9 par l&rsquo;arbitre assistant est vite venu coupe court \u00e0 la joie bretonne.<\/p>\n<p>Le gardien slovaque a encore d\u00fb s&#8217;employer face \u00e0 R\u00e9my Labeau-Lascary qui a manqu\u00e9 la balle de match en face-\u00e0-face \u00e0 la 82e minute, alors que, c\u00f4t\u00e9 visiteur, un coup-franc de <a href=\"https:\/\/www.republicain-lorrain.fr\/p\/tyler-morton\" target=\"_blank\" rel=\"noopener\">Tyler Morton<\/a> au tout d\u00e9but du temps additionnel a offert \u00e0 Radoslaw Majecki l&rsquo;opportunit\u00e9 de faire une belle horizontale (90e+1).<\/p>\n<p>Au final, Lyon a obtenu ce qu&rsquo;il a cherch\u00e9 sur ce match avant une semaine particuli\u00e8rement relev\u00e9e avec un d\u00e9placement \u00e0 S\u00e9ville pour affronter le Betis, jeudi en Ligue Europa, et la r\u00e9ception du Paris SG, dimanche. Avec 20 points, les Lyonnais glissent \u00e0 la sixi\u00e8me place du classement. Brest, quant \u00e0 lui, figure \u00e0 la 13e place avec 10 unit\u00e9s mais n&rsquo;a que trois longueurs d&rsquo;avance sur Auxerre, bon dernier de Ligue 1.<\/p>\n","protected":false},"excerpt":{"rendered":"Lyonnais et Brestois n&rsquo;ont pas r\u00e9ussis \u00e0 se d\u00e9partager ce dimanche soir (0-0) au stade Francis-Le Bl\u00e9, pour&hellip;\n","protected":false},"author":2,"featured_media":508059,"comment_status":"","ping_status":"","sticky":false,"template":"","format":"standard","meta":{"footnotes":""},"categories":[1889],"tags":[1111,11,2430,1777,674,107,63,1011,27,7020,2428,12,25,517,1947],"class_list":{"0":"post-508058","1":"post","2":"type-post","3":"status-publish","4":"format-standard","5":"has-post-thumbnail","7":"category-lyon","8":"tag-actu","9":"tag-actualites","10":"tag-auvergne-rhone-alpes","11":"tag-eu","12":"tag-europe","13":"tag-fil-info","14":"tag-football","15":"tag-fr","16":"tag-france","17":"tag-ligue-1-football","18":"tag-lyon","19":"tag-news","20":"tag-republique-francaise","21":"tag-sport","22":"tag-sport-national"},"share_on_mastodon":{"url":"https:\/\/pubeurope.com\/@fr\/115483740912946484","error":""},"_links":{"self":[{"href":"https:\/\/www.europesays.com\/fr\/wp-json\/wp\/v2\/posts\/508058","targetHints":{"allow":["GET"]}}],"collection":[{"href":"https:\/\/www.europesays.com\/fr\/wp-json\/wp\/v2\/posts"}],"about":[{"href":"https:\/\/www.europesays.com\/fr\/wp-json\/wp\/v2\/types\/post"}],"author":[{"embeddable":true,"href":"https:\/\/www.europesays.com\/fr\/wp-json\/wp\/v2\/users\/2"}],"replies":[{"embeddable":true,"href":"https:\/\/www.europesays.com\/fr\/wp-json\/wp\/v2\/comments?post=508058"}],"version-history":[{"count":0,"href":"https:\/\/www.europesays.com\/fr\/wp-json\/wp\/v2\/posts\/508058\/revisions"}],"wp:featuredmedia":[{"embeddable":true,"href":"https:\/\/www.europesays.com\/fr\/wp-json\/wp\/v2\/media\/508059"}],"wp:attachment":[{"href":"https:\/\/www.europesays.com\/fr\/wp-json\/wp\/v2\/media?parent=508058"}],"wp:term":[{"taxonomy":"category","embeddable":true,"href":"https:\/\/www.europesays.com\/fr\/wp-json\/wp\/v2\/categories?post=508058"},{"taxonomy":"post_tag","embeddable":true,"href":"https:\/\/www.europesays.com\/fr\/wp-json\/wp\/v2\/tags?post=508058"}],"curies":[{"name":"wp","href":"https:\/\/api.w.org\/{rel}","templated":true}]}}