{"id":508072,"date":"2025-11-03T04:01:28","date_gmt":"2025-11-03T04:01:28","guid":{"rendered":"https:\/\/www.europesays.com\/fr\/508072\/"},"modified":"2025-11-03T04:01:28","modified_gmt":"2025-11-03T04:01:28","slug":"completer-leurope-lintegration-de-lukraine-est-un-imperatif-strategique","status":"publish","type":"post","link":"https:\/\/www.europesays.com\/fr\/508072\/","title":{"rendered":"Compl\u00e9ter l&rsquo;Europe : l&rsquo;int\u00e9gration de l&rsquo;Ukraine est un imp\u00e9ratif strat\u00e9gique"},"content":{"rendered":"<p>\n  Par&amp;nbsp<b>Vsevolod Chentsov, Ambassadeur d&rsquo;Ukraine aupr\u00e8s de l&rsquo;Union europ\u00e9enne<\/b>\n<\/p>\n<p>\n         Publi\u00e9 le<br \/>\n            02\/11\/2025 &#8211; 10:36 UTC+1\n            <\/p>\n<p>\n        Les opinions exprim\u00e9es dans cet article sont celles de leur auteur et ne repr\u00e9sentent en aucun cas le positionnement \u00e9ditorial d\u2019Euronews.\n            <\/p>\n<p>L&rsquo;adh\u00e9sion de l&rsquo;Ukraine \u00e0 l&rsquo;Union europ\u00e9enne est l&rsquo;aboutissement du projet europ\u00e9en.<\/p>\n<p>Face \u00e0 l&rsquo;agression permanente de la Russie contre l&rsquo;Ukraine et \u00e0 la guerre hybride contre l&rsquo;Europe, l&rsquo;int\u00e9gration europ\u00e9enne est devenue l&rsquo;objectif national d\u00e9terminant de l&rsquo;Ukraine et la source essentielle de la r\u00e9silience de notre soci\u00e9t\u00e9.<\/p>\n<p>L&rsquo;adh\u00e9sion \u00e0 l&rsquo;UE n&rsquo;est pas seulement une transformation institutionnelle ou \u00e9conomique. C&rsquo;est une garantie de l&rsquo;avenir d\u00e9mocratique de l&rsquo;Ukraine et de la s\u00e9curit\u00e9, de l&rsquo;unit\u00e9 et de la confiance de l&rsquo;Europe.<\/p>\n<p>Aujourd&rsquo;hui, alors que l&rsquo;UE entre dans une phase d\u00e9cisive de son processus d&rsquo;\u00e9largissement, l&rsquo;Ukraine est pr\u00eate \u00e0 aller de l&rsquo;avant avec d\u00e9termination.<\/p>\n<p>L&rsquo;ouverture des groupes de n\u00e9gociation sert de cadre \u00e0 la poursuite de r\u00e9formes structur\u00e9es. Tout retard envoie un mauvais signal et risque de d\u00e9courager les Ukrainiens qui d\u00e9fendent chaque jour les valeurs europ\u00e9ennes, souvent au prix de leur vie.<\/p>\n<p>Nous sommes pr\u00eats \u00e0 poursuivre les r\u00e9formes n\u00e9cessaires, qu&rsquo;il s&rsquo;agisse de renforcer l&rsquo;\u00c9tat de droit ou d&rsquo;aligner nos march\u00e9s et nos institutions sur les normes europ\u00e9ennes.<\/p>\n<p>Mais l&rsquo;ambition seule ne suffit pas : la r\u00e9alisation de notre objectif commun n\u00e9cessite une action politique d\u00e9cisive de la part des deux parties. L&rsquo;Union europ\u00e9enne doit r\u00e9pondre \u00e0 la d\u00e9termination de l&rsquo;Ukraine par une clart\u00e9 strat\u00e9gique et des d\u00e9cisions audacieuses.<\/p>\n<p>Clart\u00e9, d\u00e9termination et solidarit\u00e9<\/p>\n<p>L&rsquo;Ukraine ne contribue pas seulement \u00e0 la s\u00e9curit\u00e9 europ\u00e9enne &#8211; en prot\u00e9geant l&rsquo;UE de l&rsquo;agression russe &#8211; mais elle est aussi un moteur de la comp\u00e9titivit\u00e9 future de l&rsquo;Europe.<\/p>\n<p>Nos atouts dans des secteurs cl\u00e9s &#8211; l&rsquo;agriculture, l&rsquo;industrie et les technologies de l&rsquo;information &#8211; peuvent renforcer la r\u00e9silience et la croissance de l&rsquo;UE. L&rsquo;agriculture ukrainienne renforce la s\u00e9curit\u00e9 alimentaire de l&rsquo;Europe et soutient la stabilit\u00e9 sociale dans toutes ses r\u00e9gions.<\/p>\n<p>Notre industrie, en particulier la m\u00e9tallurgie et l&rsquo;\u00e9nergie, peut devenir l&rsquo;\u00e9pine dorsale de la transition verte et des cha\u00eenes d&rsquo;approvisionnement d\u00e9carbon\u00e9es.<\/p>\n<p>Enfin, notre secteur dynamique des technologies de l&rsquo;information offre un capital humain et une innovation technologique uniques qui renforcent l&rsquo;\u00e9conomie num\u00e9rique de l&rsquo;UE.<\/p>\n<p>La courageuse arm\u00e9e ukrainienne et son industrie de d\u00e9fense \u00e0 l&rsquo;\u00e9preuve du combat devraient faire partie int\u00e9grante de la nouvelle infrastructure de d\u00e9fense europ\u00e9enne.<\/p>\n<p>Le processus d&rsquo;\u00e9largissement &#8211; revitalis\u00e9 par l&rsquo;Ukraine &#8211; se d\u00e9roule au XXIe si\u00e8cle sous une pression g\u00e9opolitique sans pr\u00e9c\u00e9dent. C&rsquo;est pourquoi il est essentiel de pr\u00e9server son pouvoir de transformation, en veillant \u00e0 ce que l&rsquo;\u00e9largissement reste convaincant, tangible et irr\u00e9versible.<\/p>\n<p>La confiance dans le projet europ\u00e9en d\u00e9pend de la capacit\u00e9 de l&rsquo;UE \u00e0 se montrer \u00e0 la hauteur de ce moment, en accueillant ceux qui d\u00e9fendent d\u00e9j\u00e0 les valeurs europ\u00e9ennes en premi\u00e8re ligne.<\/p>\n<p>L&rsquo;Ukraine ne demande pas de privil\u00e8ges, mais de la clart\u00e9, de la d\u00e9termination et de la solidarit\u00e9.<\/p>\n<p>Agissons ensemble pour une Europe s\u00fbre, unie et comp\u00e9titive.<\/p>\n<p>Son Excellence Vsevolod Chentsov est ambassadeur de l&rsquo;Ukraine aupr\u00e8s de l&rsquo;Union europ\u00e9enne.<\/p>\n<p><strong>Euronews retransmettra son sommet phare sur l&rsquo;\u00e9largissement de l&rsquo;UE en direct sur ses plateformes t\u00e9l\u00e9visuelles et num\u00e9riques, y compris YouTube, \u00e0 14 heures HEC ce mardi, 4 novembre.<\/strong><\/p>\n","protected":false},"excerpt":{"rendered":"Par&amp;nbspVsevolod Chentsov, Ambassadeur d&rsquo;Ukraine aupr\u00e8s de l&rsquo;Union europ\u00e9enne Publi\u00e9 le 02\/11\/2025 &#8211; 10:36 UTC+1 Les opinions exprim\u00e9es dans&hellip;\n","protected":false},"author":2,"featured_media":508073,"comment_status":"","ping_status":"","sticky":false,"template":"","format":"standard","meta":{"footnotes":""},"categories":[1590],"tags":[11,1777,674,40689,2025,12,62372,220,364],"class_list":{"0":"post-508072","1":"post","2":"type-post","3":"status-publish","4":"format-standard","5":"has-post-thumbnail","7":"category-ukraine","8":"tag-actualites","9":"tag-eu","10":"tag-europe","11":"tag-euroviews","12":"tag-invasion-de-la-russie-en-ukraine","13":"tag-news","14":"tag-sommet-deuronews-sur-lelargissement-de-lue","15":"tag-ukraine","16":"tag-union-europeenne"},"share_on_mastodon":{"url":"https:\/\/pubeurope.com\/@fr\/115483777030052686","error":""},"_links":{"self":[{"href":"https:\/\/www.europesays.com\/fr\/wp-json\/wp\/v2\/posts\/508072","targetHints":{"allow":["GET"]}}],"collection":[{"href":"https:\/\/www.europesays.com\/fr\/wp-json\/wp\/v2\/posts"}],"about":[{"href":"https:\/\/www.europesays.com\/fr\/wp-json\/wp\/v2\/types\/post"}],"author":[{"embeddable":true,"href":"https:\/\/www.europesays.com\/fr\/wp-json\/wp\/v2\/users\/2"}],"replies":[{"embeddable":true,"href":"https:\/\/www.europesays.com\/fr\/wp-json\/wp\/v2\/comments?post=508072"}],"version-history":[{"count":0,"href":"https:\/\/www.europesays.com\/fr\/wp-json\/wp\/v2\/posts\/508072\/revisions"}],"wp:featuredmedia":[{"embeddable":true,"href":"https:\/\/www.europesays.com\/fr\/wp-json\/wp\/v2\/media\/508073"}],"wp:attachment":[{"href":"https:\/\/www.europesays.com\/fr\/wp-json\/wp\/v2\/media?parent=508072"}],"wp:term":[{"taxonomy":"category","embeddable":true,"href":"https:\/\/www.europesays.com\/fr\/wp-json\/wp\/v2\/categories?post=508072"},{"taxonomy":"post_tag","embeddable":true,"href":"https:\/\/www.europesays.com\/fr\/wp-json\/wp\/v2\/tags?post=508072"}],"curies":[{"name":"wp","href":"https:\/\/api.w.org\/{rel}","templated":true}]}}