{"id":508076,"date":"2025-11-03T04:03:16","date_gmt":"2025-11-03T04:03:16","guid":{"rendered":"https:\/\/www.europesays.com\/fr\/508076\/"},"modified":"2025-11-03T04:03:16","modified_gmt":"2025-11-03T04:03:16","slug":"les-britanniques-reagissent-apres-lattaque-au-couteau-au-royaume-uni","status":"publish","type":"post","link":"https:\/\/www.europesays.com\/fr\/508076\/","title":{"rendered":"les Britanniques r\u00e9agissent apr\u00e8s l&rsquo;attaque au couteau au Royaume-Uni"},"content":{"rendered":"<p>\u00ab\u00a0J&rsquo;\u00e9tais choqu\u00e9e\u00a0\u00bb: les Britanniques r\u00e9agissent apr\u00e8s l&rsquo;attaque au couteau au Royaume-UniSur le m\u00eame sujet<a href=\"https:\/\/www.bfmtv.com\/economie\/video-shein-il-faut-etre-tres-ferme-avec-le-site-declare-geoffroy-roux-de-bezieux-ancien-president-du-medef_VN-202511020355.html\" title=\"Shein: &quot;Il faut \u00eatre tr\u00e8s ferme&quot; avec le site, d\u00e9clare Geoffroy Roux de B\u00e9zieux, ancien pr\u00e9sident du MEDEF\" rel=\"nofollow noopener\" target=\"_blank\"><img width=\"16\" height=\"9\" class=\"lozad\"  alt=\"Shein: &quot;Il faut \u00eatre tr\u00e8s ferme&quot; avec le site, d\u00e9clare Geoffroy Roux de B\u00e9zieux, ancien pr\u00e9sident du MEDEF\"\/>1:33Shein: \u00ab\u00a0Il faut \u00eatre tr\u00e8s ferme\u00a0\u00bb avec le site, d\u00e9clare Geoffroy Roux de B\u00e9zieux, ancien pr\u00e9sident du MEDEF<\/a><a href=\"https:\/\/www.bfmtv.com\/international\/video-j-etais-choquee-les-britanniques-reagissent-apres-l-attaque-au-couteau-au-royaume-uni_VN-202511020343.html\" title=\"&quot;J&#039;\u00e9tais choqu\u00e9e&quot;: les Britanniques r\u00e9agissent apr\u00e8s l&#039;attaque au couteau au Royaume-Uni\" rel=\"nofollow noopener\" target=\"_blank\"><img width=\"16\" height=\"9\" class=\"lozad\"  alt=\"&quot;J'\u00e9tais choqu\u00e9e&quot;: les Britanniques r\u00e9agissent apr\u00e8s l'attaque au couteau au Royaume-Uni\"\/>en lecture\u00a0\u00bbJ&rsquo;\u00e9tais choqu\u00e9e\u00a0\u00bb: les Britanniques r\u00e9agissent apr\u00e8s l&rsquo;attaque au couteau au Royaume-Uni<\/a><a href=\"https:\/\/www.bfmtv.com\/international\/video-attaque-au-royaume-uni-un-seul-homme-est-desormais-considere-comme-suspect_VN-202511020340.html\" title=\"Attaque au Royaume-Uni: un seul homme est d\u00e9sormais consid\u00e9r\u00e9 comme suspect\" rel=\"nofollow noopener\" target=\"_blank\"><img width=\"16\" height=\"9\" class=\"lozad\"  alt=\"Attaque au Royaume-Uni: un seul homme est d\u00e9sormais consid\u00e9r\u00e9 comme suspect\"\/>1:20Attaque au Royaume-Uni: un seul homme est d\u00e9sormais consid\u00e9r\u00e9 comme suspect<\/a><a href=\"https:\/\/www.bfmtv.com\/international\/video-attaque-au-couteau-au-royaume-uni-la-police-britannique-ecarte-a-ce-stade-toute-motivation-terroriste_VN-202511020292.html\" title=\"Attaque au couteau au Royaume-Uni: la police britannique \u00e9carte \u00e0 ce stade toute motivation terroriste\" rel=\"nofollow noopener\" target=\"_blank\"><img width=\"16\" height=\"9\" class=\"lozad\"  alt=\"Attaque au couteau au Royaume-Uni: la police britannique \u00e9carte \u00e0 ce stade toute motivation terroriste\"\/>1:27Attaque au couteau au Royaume-Uni: la police britannique \u00e9carte \u00e0 ce stade toute motivation terroriste<\/a><a href=\"https:\/\/www.bfmtv.com\/international\/amerique-nord\/etats-unis\/video-barack-obama-tacle-donald-trump-sur-son-bilan_VN-202511020286.html\" title=\"Barack Obama tacle Donald Trump sur son bilan\" rel=\"nofollow noopener\" target=\"_blank\"><img width=\"16\" height=\"9\" class=\"lozad\"  alt=\"Barack Obama tacle Donald Trump sur son bilan\"\/>1:22Barack Obama tacle Donald Trump sur son bilan<\/a><a href=\"https:\/\/www.bfmtv.com\/economie\/video-yann-rivoallan-president-de-la-federation-francaise-du-pret-a-porter-interpelle-le-patron-du-bhv-apres-le-scandale-des-poupees-pedopornographiques-vendues-sur-shein_VN-202511020275.html\" title=\"Yann Rivoallan, pr\u00e9sident de la f\u00e9d\u00e9ration fran\u00e7aise du pr\u00eat-\u00e0-porter, interpelle le patron du BHV apr\u00e8s le scandale des poup\u00e9es p\u00e9dopornographiques vendues sur Shein\" rel=\"nofollow noopener\" target=\"_blank\"><img width=\"16\" height=\"9\" class=\"lozad\"  alt=\"Yann Rivoallan, pr\u00e9sident de la f\u00e9d\u00e9ration fran\u00e7aise du pr\u00eat-\u00e0-porter, interpelle le patron du BHV apr\u00e8s le scandale des poup\u00e9es p\u00e9dopornographiques vendues sur Shein\"\/>2:40Yann Rivoallan, pr\u00e9sident de la f\u00e9d\u00e9ration fran\u00e7aise du pr\u00eat-\u00e0-porter, interpelle le patron du BHV apr\u00e8s le scandale des poup\u00e9es p\u00e9dopornographiques vendues sur Shein<\/a><a href=\"https:\/\/www.bfmtv.com\/international\/afrique\/egypte\/video-les-images-de-l-inauguration-du-grand-musee-egyptien-au-caire_VN-202511020229.html\" title=\"Les images de l&#039;inauguration du Grand Mus\u00e9e \u00c9gyptien au Caire\" rel=\"nofollow noopener\" target=\"_blank\"><img width=\"16\" height=\"9\" class=\"lozad\"  alt=\"Les images de l'inauguration du Grand Mus\u00e9e \u00c9gyptien au Caire\"\/>0:56Les images de l&rsquo;inauguration du Grand Mus\u00e9e \u00c9gyptien au Caire<\/a><a href=\"https:\/\/www.bfmtv.com\/replay-emissions\/bfm-politique\/video-presidentielle-de-2027-algerie-casse-du-louvre-l-integralite-de-l-interview-d-eric-zemmour_VN-202511020228.html\" title=\"Pr\u00e9sidentielle de 2027, Alg\u00e9rie, casse du Louvre... L&#039;int\u00e9gralit\u00e9 de l&#039;interview d&#039;\u00c9ric Zemmour\" rel=\"nofollow noopener\" target=\"_blank\"><img width=\"16\" height=\"9\" class=\"lozad\"  alt=\"Pr\u00e9sidentielle de 2027, Alg\u00e9rie, casse du Louvre... L'int\u00e9gralit\u00e9 de l'interview d'\u00c9ric Zemmour\"\/>42:09Pr\u00e9sidentielle de 2027, Alg\u00e9rie, casse du Louvre&#8230; L&rsquo;int\u00e9gralit\u00e9 de l&rsquo;interview d&rsquo;\u00c9ric Zemmour<\/a><a href=\"https:\/\/www.bfmtv.com\/replay-emissions\/bfm-politique\/video-l-algerie-a-decide-que-la-france-etait-mure-pour-une-revanche-coloniale-estime-eric-zemmour-president-du-parti-reconquete_VN-202511020209.html\" title=\"&quot;L&#039;Alg\u00e9rie a d\u00e9cid\u00e9 que la France \u00e9tait m\u00fbre pour une revanche coloniale&quot;, estime \u00c9ric Zemmour, pr\u00e9sident du parti &quot;Reconqu\u00eate&quot;\" rel=\"nofollow noopener\" target=\"_blank\"><img width=\"16\" height=\"9\" class=\"lozad\"  alt=\"&quot;L'Alg\u00e9rie a d\u00e9cid\u00e9 que la France \u00e9tait m\u00fbre pour une revanche coloniale&quot;, estime \u00c9ric Zemmour, pr\u00e9sident du parti &quot;Reconqu\u00eate&quot;\"\/>0:44&Prime;L&rsquo;Alg\u00e9rie a d\u00e9cid\u00e9 que la France \u00e9tait m\u00fbre pour une revanche coloniale\u00a0\u00bb, estime \u00c9ric Zemmour, pr\u00e9sident du parti \u00ab\u00a0Reconqu\u00eate\u00a0\u00bb<\/a><a href=\"https:\/\/www.bfmtv.com\/politique\/video-accord-france-algerie-pour-eric-zemmour-laurent-nunez-ministre-de-l-interieur-va-se-coucher-devant-les-algeriens_VN-202511020207.html\" title=\"Accord France-Alg\u00e9rie: pour \u00c9ric Zemmour, Laurent Nu\u00f1ez, ministre de l&#039;Int\u00e9rieur, &quot;va se coucher devant les Alg\u00e9riens&quot; \" rel=\"nofollow noopener\" target=\"_blank\"><img width=\"16\" height=\"9\" class=\"lozad\"  alt=\"Accord France-Alg\u00e9rie: pour \u00c9ric Zemmour, Laurent Nu\u00f1ez, ministre de l'Int\u00e9rieur, &quot;va se coucher devant les Alg\u00e9riens&quot; \"\/>2:03Accord France-Alg\u00e9rie: pour \u00c9ric Zemmour, Laurent Nu\u00f1ez, ministre de l&rsquo;Int\u00e9rieur, \u00ab\u00a0va se coucher devant les Alg\u00e9riens\u00a0\u00bb<\/a><a href=\"https:\/\/www.bfmtv.com\/replay-emissions\/bfm-politique\/video-relations-entre-la-france-et-l-algerie-eric-zemmour-veut-couper-tous-les-visas-pour-maintenir-le-rapport-de-force_VN-202511020206.html\" title=\"Relations entre la France et l&#039;Alg\u00e9rie: \u00c9ric Zemmour veut &quot;couper tous les visas&quot; pour maintenir le &quot;rapport de force&quot;\" rel=\"nofollow noopener\" target=\"_blank\"><img width=\"16\" height=\"9\" class=\"lozad\"  alt=\"Relations entre la France et l'Alg\u00e9rie: \u00c9ric Zemmour veut &quot;couper tous les visas&quot; pour maintenir le &quot;rapport de force&quot;\"\/>2:07Relations entre la France et l&rsquo;Alg\u00e9rie: \u00c9ric Zemmour veut \u00ab\u00a0couper tous les visas\u00a0\u00bb pour maintenir le \u00ab\u00a0rapport de force\u00a0\u00bb<\/a><a href=\"https:\/\/www.bfmtv.com\/international\/video-une-attaque-au-couteau-dans-un-train-au-royaume-uni-fait-9-blesses-graves_VN-202511020183.html\" title=\"Une attaque au couteau dans un train au Royaume-Uni fait 9 bless\u00e9s graves \" rel=\"nofollow noopener\" target=\"_blank\"><img width=\"16\" height=\"9\" class=\"lozad\"  alt=\"Une attaque au couteau dans un train au Royaume-Uni fait 9 bless\u00e9s graves \"\/>1:16Une attaque au couteau dans un train au Royaume-Uni fait 9 bless\u00e9s graves<\/a><a href=\"https:\/\/www.bfmtv.com\/international\/video-attaque-au-couteau-au-royaume-uni-un-des-suspects-a-ete-tase-par-la-police_VN-202511020129.html\" title=\"Attaque au couteau au Royaume-Uni: un des suspects a \u00e9t\u00e9 tas\u00e9 par la police\" rel=\"nofollow noopener\" target=\"_blank\"><img width=\"16\" height=\"9\" class=\"lozad\"  alt=\"Attaque au couteau au Royaume-Uni: un des suspects a \u00e9t\u00e9 tas\u00e9 par la police\"\/>1:08Attaque au couteau au Royaume-Uni: un des suspects a \u00e9t\u00e9 tas\u00e9 par la police<\/a><a href=\"https:\/\/www.bfmtv.com\/international\/amerique-nord\/etats-unis\/video-qui-est-zohran-mamdani-le-grand-favori-pour-devenir-le-prochain-maire-de-new-york_VN-202511020119.html\" title=\"Qui est Zohran Mamdani, le grand favori pour devenir le prochain maire de New York\" rel=\"nofollow noopener\" target=\"_blank\"><img width=\"16\" height=\"9\" class=\"lozad\"  alt=\"Qui est Zohran Mamdani, le grand favori pour devenir le prochain maire de New York\"\/>1:25Qui est Zohran Mamdani, le grand favori pour devenir le prochain maire de New York<\/a><a class=\"jumpToVideo\" target=\"_blank\"><img class=\"thumbnailPreview\"\/><\/a><\/p>\n","protected":false},"excerpt":{"rendered":"\u00ab\u00a0J&rsquo;\u00e9tais choqu\u00e9e\u00a0\u00bb: les Britanniques r\u00e9agissent apr\u00e8s l&rsquo;attaque au couteau au Royaume-UniSur le m\u00eame sujet1:33Shein: \u00ab\u00a0Il faut \u00eatre tr\u00e8s&hellip;\n","protected":false},"author":2,"featured_media":508077,"comment_status":"","ping_status":"","sticky":false,"template":"","format":"standard","meta":{"footnotes":""},"categories":[1588],"tags":[11,1777,674,12,473,1853,1851,1850,1852],"class_list":{"0":"post-508076","1":"post","2":"type-post","3":"status-publish","4":"format-standard","5":"has-post-thumbnail","7":"category-royaume-uni","8":"tag-actualites","9":"tag-eu","10":"tag-europe","11":"tag-news","12":"tag-royaume-uni","13":"tag-royaume-uni-de-grande-bretagne-et-dirlande-du-nord","14":"tag-uk","15":"tag-united-kingdom","16":"tag-united-kingdom-of-great-britain-and-northern-ireland"},"share_on_mastodon":{"url":"https:\/\/pubeurope.com\/@fr\/115483784215101229","error":""},"_links":{"self":[{"href":"https:\/\/www.europesays.com\/fr\/wp-json\/wp\/v2\/posts\/508076","targetHints":{"allow":["GET"]}}],"collection":[{"href":"https:\/\/www.europesays.com\/fr\/wp-json\/wp\/v2\/posts"}],"about":[{"href":"https:\/\/www.europesays.com\/fr\/wp-json\/wp\/v2\/types\/post"}],"author":[{"embeddable":true,"href":"https:\/\/www.europesays.com\/fr\/wp-json\/wp\/v2\/users\/2"}],"replies":[{"embeddable":true,"href":"https:\/\/www.europesays.com\/fr\/wp-json\/wp\/v2\/comments?post=508076"}],"version-history":[{"count":0,"href":"https:\/\/www.europesays.com\/fr\/wp-json\/wp\/v2\/posts\/508076\/revisions"}],"wp:featuredmedia":[{"embeddable":true,"href":"https:\/\/www.europesays.com\/fr\/wp-json\/wp\/v2\/media\/508077"}],"wp:attachment":[{"href":"https:\/\/www.europesays.com\/fr\/wp-json\/wp\/v2\/media?parent=508076"}],"wp:term":[{"taxonomy":"category","embeddable":true,"href":"https:\/\/www.europesays.com\/fr\/wp-json\/wp\/v2\/categories?post=508076"},{"taxonomy":"post_tag","embeddable":true,"href":"https:\/\/www.europesays.com\/fr\/wp-json\/wp\/v2\/tags?post=508076"}],"curies":[{"name":"wp","href":"https:\/\/api.w.org\/{rel}","templated":true}]}}