{"id":508078,"date":"2025-11-03T04:04:15","date_gmt":"2025-11-03T04:04:15","guid":{"rendered":"https:\/\/www.europesays.com\/fr\/508078\/"},"modified":"2025-11-03T04:04:15","modified_gmt":"2025-11-03T04:04:15","slug":"allemagne-laeroport-de-breme-ferme-apres-un-survol-de-drone","status":"publish","type":"post","link":"https:\/\/www.europesays.com\/fr\/508078\/","title":{"rendered":"Allemagne: l&rsquo;a\u00e9roport de Br\u00eame ferm\u00e9 apr\u00e8s un survol de drone"},"content":{"rendered":"<p class=\"lede\">Isra\u00ebl a menac\u00e9 dimanche d&rsquo;intensifier ses attaques au Liban contre le Hezbollah, que le premier ministre, Benjamin Netanyahu, a accus\u00e9 de tenter de se \u00ab\u00a0r\u00e9armer\u00a0\u00bb, exhortant Beyrouth \u00e0 tenir ses engagements de le d\u00e9sarmer.<\/p>\n<p>Malgr\u00e9 un cessez-le-feu conclu en novembre 2024 avec le groupe chiite pro-iranien, Isra\u00ebl continue de mener des attaques r\u00e9guli\u00e8res le visant dans ses bastions libanais, et d&rsquo;occuper cinq points frontaliers dans le sud du Liban. Dans ses derni\u00e8res frappes en date, l&rsquo;arm\u00e9e isra\u00e9lienne y a tu\u00e9 samedi quatre personnes qu&rsquo;elle a pr\u00e9sent\u00e9es comme des membres d&rsquo;une force d&rsquo;\u00e9lite du Hezbollah.<\/p>\n<p>\u00ab\u00a0L&rsquo;engagement du gouvernement libanais \u00e0 d\u00e9sarmer le Hezbollah et le chasser du sud du Liban doit \u00eatre pleinement tenu\u00a0\u00bb, a d&rsquo;abord d\u00e9clar\u00e9 dans un communiqu\u00e9 le ministre isra\u00e9lien de la D\u00e9fense, Isra\u00ebl Katz, affirmant que le groupe \u00ab\u00a0joue avec le feu\u00a0\u00bb et que \u00ab\u00a0le pr\u00e9sident libanais tra\u00eene des pieds\u00a0\u00bb.<\/p>\n<p>\u00ab\u00a0L&rsquo;application stricte des mesures se poursuivra et sera renforc\u00e9e. Nous ne tol\u00e9rerons aucune menace contre les habitants du nord\u00a0\u00bb d&rsquo;Isra\u00ebl, a-t-il ajout\u00e9.<\/p>\n<p>Benjamin Netanyahu a ensuite d\u00e9clar\u00e9 que le Hezbollah tentait de se \u00ab\u00a0r\u00e9armer\u00a0\u00bb, en ouvrant la r\u00e9union hebdomadaire du conseil des ministres dimanche.<\/p>\n<p>Hezbollah fortement affaibli<\/p>\n<p>\u00ab\u00a0Nous attendons du gouvernement libanais qu&rsquo;il fasse ce qu&rsquo;il s&rsquo;est engag\u00e9 \u00e0 faire, c&rsquo;est-\u00e0-dire d\u00e9sarmer le Hezbollah, mais il est clair que nous exercerons notre droit \u00e0 l&rsquo;autod\u00e9fense comme convenu dans les termes du cessez-le-feu\u00a0\u00bb, a-t-il averti.<\/p>\n<p>\u00ab\u00a0Nous ne permettrons pas au Liban de redevenir un nouveau front contre nous et nous agirons comme il faudra\u00a0\u00bb.<\/p>\n<p>Des milliers d&rsquo;Isra\u00e9liens vivant pr\u00e8s de la fronti\u00e8re nord avec le Liban avaient \u00e9t\u00e9 contraints d&rsquo;\u00e9vacuer leurs domiciles pendant des mois, apr\u00e8s l&rsquo;ouverture par le Hezbollah d&rsquo;un front contre Isra\u00ebl \u00e0 la suite du d\u00e9clenchement de la guerre \u00e0 Gaza en octobre 2023.<\/p>\n<p>Les tirs de roquette du mouvement libanais ont d\u00e9clench\u00e9 un conflit de plus d&rsquo;un an, qui a culmin\u00e9 avec deux mois de guerre ouverte avec Isra\u00ebl, avant qu&rsquo;un cessez-le-feu ne soit conclu l&rsquo;ann\u00e9e derni\u00e8re.<\/p>\n<p>Le Hezbollah a \u00e9t\u00e9 fortement affaibli par la guerre, avec notamment l&rsquo;assassinat de son chef historique, Hassan Nasrallah, par une frappe isra\u00e9lienne en septembre 2024 \u00e0 Beyrouth, mais il demeure financi\u00e8rement r\u00e9silient et arm\u00e9.<\/p>\n<p>Depuis, les Etats-Unis ont accru la pression sur les autorit\u00e9s libanaises pour d\u00e9sarmer le groupe, un plan auquel le Hezbollah et ses alli\u00e9s s&rsquo;opposent en invoquant notamment la poursuite d&rsquo;une pr\u00e9sence isra\u00e9lienne sur le territoire libanais.<\/p>\n<p>Raid meurtrier et nouvelle frappe<\/p>\n<p>Isra\u00ebl a intensifi\u00e9 ses attaques contre les cibles du Hezbollah ces derniers jours.<\/p>\n<p>Jeudi, l&rsquo;arm\u00e9e isra\u00e9lienne a men\u00e9 un raid meurtrier dans le sud du Liban, poussant le pr\u00e9sident libanais, Joseph Aoun, \u00e0 ordonner \u00e0 l&rsquo;arm\u00e9e de faire face \u00e0 de telles incursions.<\/p>\n<p>M. Aoun avait appel\u00e9 \u00e0 des n\u00e9gociations avec Isra\u00ebl \u00e0 la mi-octobre, apr\u00e8s l&rsquo;entr\u00e9e en vigueur d&rsquo;un cessez-le-feu \u00e0 Gaza, parrain\u00e9 par le pr\u00e9sident am\u00e9ricain Donald Trump.<\/p>\n<p>Il a accus\u00e9 vendredi Isra\u00ebl de r\u00e9pondre \u00e0 son offre de dialogue en intensifiant ses attaques, avant qu&rsquo;une nouvelle frappe isra\u00e9lienne ne tue quatre personnes samedi dans le sud du pays, dans le district de Nabatiyeh.<\/p>\n<p>L&rsquo;Agence nationale libanaise de presse a rapport\u00e9 que l&rsquo;arm\u00e9e isra\u00e9lienne avait touch\u00e9 une voiture avec un missile guid\u00e9.<\/p>\n<p>L&rsquo;arm\u00e9e isra\u00e9lienne a confirm\u00e9 la frappe, affirmant avoir vis\u00e9 un membre de la Force Radwan, unit\u00e9 d&rsquo;\u00e9lite du Hezbollah.<\/p>\n<p>\u00ab\u00a0Le terroriste \u00e9tait impliqu\u00e9 dans le transfert d&rsquo;armes et dans les tentatives de reconstitution des infrastructures terroristes du Hezbollah dans le sud du Liban\u00a0\u00bb, a indiqu\u00e9 Tsahal, pr\u00e9cisant que trois autres membres du groupe avaient \u00e9galement \u00e9t\u00e9 tu\u00e9s.<\/p>\n<p>\u00ab\u00a0Les activit\u00e9s de ces terroristes constituaient une menace pour l&rsquo;Etat d&rsquo;Isra\u00ebl et ses civils, ainsi qu&rsquo;une violation des accords entre Isra\u00ebl et le Liban\u00a0\u00bb, a ajout\u00e9 l&rsquo;arm\u00e9e.<\/p>\n<p>L&rsquo;\u00e9missaire am\u00e9ricain, Tom Barrack, a de son c\u00f4t\u00e9 exhort\u00e9 samedi le Liban \u00e0 engager des pourparlers directs avec Isra\u00ebl, affirmant que si Beyrouth franchissait le pas, les Etats-Unis pourraient faire \u00ab\u00a0pression sur Isra\u00ebl pour qu&rsquo;il se montre raisonnable\u00a0\u00bb.<\/p>\n<p>Cet article a \u00e9t\u00e9 publi\u00e9 automatiquement. Sources : ats \/ afp<\/p>\n","protected":false},"excerpt":{"rendered":"Isra\u00ebl a menac\u00e9 dimanche d&rsquo;intensifier ses attaques au Liban contre le Hezbollah, que le premier ministre, Benjamin Netanyahu,&hellip;\n","protected":false},"author":2,"featured_media":508079,"comment_status":"","ping_status":"","sticky":false,"template":"","format":"standard","meta":{"footnotes":""},"categories":[1587],"tags":[11,672,1804,1805,1803,1777,674,1801,12,1802],"class_list":{"0":"post-508078","1":"post","2":"type-post","3":"status-publish","4":"format-standard","5":"has-post-thumbnail","7":"category-allemagne","8":"tag-actualites","9":"tag-allemagne","10":"tag-bundesrepublik-deutschland","11":"tag-de","12":"tag-deutschland","13":"tag-eu","14":"tag-europe","15":"tag-germany","16":"tag-news","17":"tag-republique-federale-dallemagne"},"share_on_mastodon":{"url":"https:\/\/pubeurope.com\/@fr\/115483788187474853","error":""},"_links":{"self":[{"href":"https:\/\/www.europesays.com\/fr\/wp-json\/wp\/v2\/posts\/508078","targetHints":{"allow":["GET"]}}],"collection":[{"href":"https:\/\/www.europesays.com\/fr\/wp-json\/wp\/v2\/posts"}],"about":[{"href":"https:\/\/www.europesays.com\/fr\/wp-json\/wp\/v2\/types\/post"}],"author":[{"embeddable":true,"href":"https:\/\/www.europesays.com\/fr\/wp-json\/wp\/v2\/users\/2"}],"replies":[{"embeddable":true,"href":"https:\/\/www.europesays.com\/fr\/wp-json\/wp\/v2\/comments?post=508078"}],"version-history":[{"count":0,"href":"https:\/\/www.europesays.com\/fr\/wp-json\/wp\/v2\/posts\/508078\/revisions"}],"wp:featuredmedia":[{"embeddable":true,"href":"https:\/\/www.europesays.com\/fr\/wp-json\/wp\/v2\/media\/508079"}],"wp:attachment":[{"href":"https:\/\/www.europesays.com\/fr\/wp-json\/wp\/v2\/media?parent=508078"}],"wp:term":[{"taxonomy":"category","embeddable":true,"href":"https:\/\/www.europesays.com\/fr\/wp-json\/wp\/v2\/categories?post=508078"},{"taxonomy":"post_tag","embeddable":true,"href":"https:\/\/www.europesays.com\/fr\/wp-json\/wp\/v2\/tags?post=508078"}],"curies":[{"name":"wp","href":"https:\/\/api.w.org\/{rel}","templated":true}]}}