{"id":508086,"date":"2025-11-03T04:08:21","date_gmt":"2025-11-03T04:08:21","guid":{"rendered":"https:\/\/www.europesays.com\/fr\/508086\/"},"modified":"2025-11-03T04:08:21","modified_gmt":"2025-11-03T04:08:21","slug":"balerdi-weah-aguerd-des-retours-esperes-pour-defier-latalanta","status":"publish","type":"post","link":"https:\/\/www.europesays.com\/fr\/508086\/","title":{"rendered":"Balerdi, Weah, Aguerd&#8230; des retours esp\u00e9r\u00e9s pour d\u00e9fier l&rsquo;Atalanta"},"content":{"rendered":"<p>Le retour du succ\u00e8s, sign\u00e9 samedi soir \u00e0 Auxerre (0-1), sera-t-il aussi celui des bonnes nouvelles\u00a0? Frapp\u00e9 par le sort depuis quelques semaines, tant sur qu\u2019en dehors du terrain, l\u2019OM esp\u00e8re avoir mang\u00e9 son pain noir. En particulier celui assez indigeste, dont il a \u00e9t\u00e9 gav\u00e9 \u00e0 chaque fois qu\u2019un nouvel Olympien a d\u00e9clar\u00e9 forfait.<\/p>\n<p><a href=\"https:\/\/www.laprovence.com\/article\/om\/37585094534304\/auxerre-om-0-1-il-ne-fallait-pas-laisser-le-psg-creuser-lecart-insiste-de-zerbi\" target=\"_blank\" rel=\"nofollow noopener\">\u00c0 l\u2019Abb\u00e9 Deschamps, Roberto De Zerbi a d\u00e9plor\u00e9 sept absents<\/a> (Balerdi, Weah, Kondogbia, Medina, Traor\u00e9, Gouiri, Nadir), et d\u00fb essuyer un \u00e9ni\u00e8me refus sur le gong, sign\u00e9 Nayef Aguerd, handicap\u00e9 par sa hanche depuis peu et fauch\u00e9 en plein \u00e9chauffement. Une mal\u00e9diction pour le technicien lombard qui a appel\u00e9 Emerson Palmieri \u00e0 la rescousse, alors que l\u2019Italo-Br\u00e9silien, rest\u00e9 aux soins la veille, est au bout du rouleau et devait suivre cette rencontre depuis le banc. Alors que la s\u00e9quence infernale ne prendra fin que samedi prochain face \u00e0 Brest, les Marseillais tirent la langue. Entre deux matches, ils s\u2019entra\u00eenent \u00ab\u00a0en marchant\u00a0\u00bb quand ils ne passent pas l\u2019apr\u00e8s-midi entre les mains des kin\u00e9s.<\/p>\n<p>Certains ont la chance de pouvoir souffler contre l\u2019AJA. En particulier Igor Paixao et <a href=\"https:\/\/www.laprovence.com\/article\/om\/49961324378084\/om-quand-greenwood-a-signe-de-zerbi-a-dit-quon-pouvait-lui-donner-une-deuxieme-chance-sinterroge-veronique-rabiot\" target=\"_blank\" rel=\"nofollow noopener\">Mason Greenwood<\/a>, que De Zerbi estimait us\u00e9s mentalement. Le Br\u00e9silien n\u2019est entr\u00e9 qu\u2019&#8230;<\/p>\n","protected":false},"excerpt":{"rendered":"Le retour du succ\u00e8s, sign\u00e9 samedi soir \u00e0 Auxerre (0-1), sera-t-il aussi celui des bonnes nouvelles\u00a0? Frapp\u00e9 par&hellip;\n","protected":false},"author":2,"featured_media":508087,"comment_status":"","ping_status":"","sticky":false,"template":"","format":"standard","meta":{"footnotes":""},"categories":[2],"tags":[17,11,51919,62987,154,62988,1011,27,12,149,25,18718,42926],"class_list":{"0":"post-508086","1":"post","2":"type-post","3":"status-publish","4":"format-standard","5":"has-post-thumbnail","7":"category-actualites","8":"tag-17","9":"tag-actualites","10":"tag-aguerd","11":"tag-balerdi","12":"tag-des","13":"tag-esperes","14":"tag-fr","15":"tag-france","16":"tag-news","17":"tag-om","18":"tag-republique-francaise","19":"tag-retours","20":"tag-weah"},"share_on_mastodon":{"url":"https:\/\/pubeurope.com\/@fr\/115483804003249481","error":""},"_links":{"self":[{"href":"https:\/\/www.europesays.com\/fr\/wp-json\/wp\/v2\/posts\/508086","targetHints":{"allow":["GET"]}}],"collection":[{"href":"https:\/\/www.europesays.com\/fr\/wp-json\/wp\/v2\/posts"}],"about":[{"href":"https:\/\/www.europesays.com\/fr\/wp-json\/wp\/v2\/types\/post"}],"author":[{"embeddable":true,"href":"https:\/\/www.europesays.com\/fr\/wp-json\/wp\/v2\/users\/2"}],"replies":[{"embeddable":true,"href":"https:\/\/www.europesays.com\/fr\/wp-json\/wp\/v2\/comments?post=508086"}],"version-history":[{"count":0,"href":"https:\/\/www.europesays.com\/fr\/wp-json\/wp\/v2\/posts\/508086\/revisions"}],"wp:featuredmedia":[{"embeddable":true,"href":"https:\/\/www.europesays.com\/fr\/wp-json\/wp\/v2\/media\/508087"}],"wp:attachment":[{"href":"https:\/\/www.europesays.com\/fr\/wp-json\/wp\/v2\/media?parent=508086"}],"wp:term":[{"taxonomy":"category","embeddable":true,"href":"https:\/\/www.europesays.com\/fr\/wp-json\/wp\/v2\/categories?post=508086"},{"taxonomy":"post_tag","embeddable":true,"href":"https:\/\/www.europesays.com\/fr\/wp-json\/wp\/v2\/tags?post=508086"}],"curies":[{"name":"wp","href":"https:\/\/api.w.org\/{rel}","templated":true}]}}