{"id":508095,"date":"2025-11-03T04:18:14","date_gmt":"2025-11-03T04:18:14","guid":{"rendered":"https:\/\/www.europesays.com\/fr\/508095\/"},"modified":"2025-11-03T04:18:14","modified_gmt":"2025-11-03T04:18:14","slug":"ramos-but-victoire-les-chiffres-cles-apres-psg-nice","status":"publish","type":"post","link":"https:\/\/www.europesays.com\/fr\/508095\/","title":{"rendered":"Ramos, but, victoire\u2026 Les chiffres cl\u00e9s apr\u00e8s PSG \/ Nice"},"content":{"rendered":"<p><img width=\"700\" height=\"350\" src=\"https:\/\/www.europesays.com\/fr\/wp-content\/uploads\/2025\/11\/PSG-Joie-.jpg\" class=\"attachment-jannah-image-post size-jannah-image-post wp-post-image\" alt=\"Psg joie\" is_main_img=\"1\" decoding=\"async\" fetchpriority=\"high\"  \/><br \/>\n Image :<br \/>\nPSG.fr<\/p>\n<p>Hier apr\u00e8s-midi, le PSG s\u2019est impos\u00e9 dans les derni\u00e8res<br \/>\nsecondes de son match contre Nice gr\u00e2ce \u00e0 Gon\u00e7alo Ramos. Un joueur<br \/>\nqui aime marquer dans les derniers instants d\u2019un match.<\/p>\n<p>Lors de son match de la onzi\u00e8me journ\u00e9e de <strong>Ligue<br \/>\n1<\/strong> contre <strong>Nice<\/strong>, le <strong>PSG<\/strong> a<br \/>\ntr\u00e8s longtemps but\u00e9 sur une d\u00e9fense tr\u00e8s tr\u00e8s basse. Il aura fallu<br \/>\nattendre les derni\u00e8res secondes de la partie et une t\u00eate de<br \/>\n<strong><a href=\"https:\/\/canal-supporters.com\/goncalo-ramos-apres-psg-nice-cest-une-excellente-victoire\/\" title=\"\" rel=\"nofollow noopener\" target=\"_blank\">Gon\u00e7alo Ramos<\/a><\/strong> pour enfin tromper<br \/>\n<strong>Diouf<\/strong> et s\u2019offrir la victoire (1-0).<br \/>\nL\u2019international portugais a fait trembler les filets \u00e0 la 93e<br \/>\nminute et 59 secondes, soit le but victorieux le plus tardif depuis<br \/>\ncelui de <strong>Lionel Messi<\/strong> contre<br \/>\n<strong>Lille<\/strong> (94:26) le 19 f\u00e9vrier 2023. <strong>Gon\u00e7alo<br \/>\nRamos<\/strong> aime marquer en toute fin de match, lui qui avait<br \/>\nmarqu\u00e9 \u00e0 la 96e minute et 12 secondes contre Rennes le 25 f\u00e9vrier<br \/>\n2024. L\u2019ancien du <strong>Benfica<\/strong> a \u00e9galement marqu\u00e9 son<br \/>\n18e but en sortant du banc. Depuis son arriv\u00e9e en 2023-24, aucun<br \/>\njoueur du Top 5 n\u2019en a marqu\u00e9 plus toutes comp\u00e9titions confondues,<br \/>\nindique le <strong>PSG<\/strong> sur son <a href=\"https:\/\/www.psg.fr\/content\/stats-facts-retour-sur-la-victoire-parisienne-face-a-nice-psg-ligue-1-2025-2026\" target=\"_blank\" rel=\"noopener nofollow\" title=\"\">site<br \/>\ninternet<\/a>.\u00a0<\/p>\n<p>A lire aussi : <a href=\"https:\/\/canal-supporters.com\/ramos-je-marque-plus-de-fois-quand-je-rentre-peut-etre-parce-que-je-suis-plus-souvent-remplacant\/\" title=\"\" rel=\"nofollow noopener\" target=\"_blank\">Ramos : \u00ab\u00a0Je marque plus de fois quand je rentre,<br \/>\npeut-\u00eatre parce que je suis plus souvent rempla\u00e7ant<br \/>\n!\u00a0\u00bb<\/a><\/p>\n<p><a href=\"https:\/\/x.com\/CanalSupporters\" target=\"_blank\" rel=\"noopener nofollow\" title=\"\">canalsupporters.com<\/a><\/p>\n<p>Un record en<br \/>\nligne de mire<\/p>\n<p>Avec ce succ\u00e8s tardif, le <strong>PSG<\/strong> s\u2019est offert une<br \/>\n44e victoire en 2025. Il n\u2019a fait mieux qu\u2019\u00e0 deux reprises sur une<br \/>\nann\u00e9e civile, 45 en 2015 et 48 en 2017. Enfin, le<br \/>\n<strong>PSG<\/strong> n\u2019a perdu qu\u2019un seul de ses 15 premiers<br \/>\nmatches toutes comp\u00e9titions confondues cette saison (10 victoires,<br \/>\n4 nuls), son plus faible total \u00e0 ce stade d\u2019une campagne sous<br \/>\n<strong><a href=\"https:\/\/canal-supporters.com\/enrique-ramos-est-un-joueur-tres-important-pour-nous\/\" title=\"\" rel=\"nofollow noopener\" target=\"_blank\">Luis Enrique<\/a><\/strong> (3 en 2023-24 et 2 en<br \/>\n2024-25).<\/p><\/p>\n","protected":false},"excerpt":{"rendered":"Image : PSG.fr Hier apr\u00e8s-midi, le PSG s\u2019est impos\u00e9 dans les derni\u00e8res secondes de son match contre Nice&hellip;\n","protected":false},"author":2,"featured_media":508096,"comment_status":"","ping_status":"","sticky":false,"template":"","format":"standard","meta":{"footnotes":""},"categories":[1410],"tags":[62698,81,4298,4299,787,63,1011,27,86,66,1611,62699,626,91,92,93,13724,13725,13726,13727,20338,60,96],"class_list":{"0":"post-508095","1":"post","2":"type-post","3":"status-publish","4":"format-standard","5":"has-post-thumbnail","7":"category-football","8":"tag-11e-journee","9":"tag-canal-supporters","10":"tag-chiffres","11":"tag-chiffres-cles","12":"tag-cs","13":"tag-football","14":"tag-fr","15":"tag-france","16":"tag-goncalo-ramos","17":"tag-ligue-1","18":"tag-ligue-1-macdonalds","19":"tag-onzieme-journee","20":"tag-paris","21":"tag-paris-saint-germain","22":"tag-paris-sg","23":"tag-psg","24":"tag-psg-ogc-nice","25":"tag-psg-nice","26":"tag-psg-ogcn","27":"tag-psgogcn","28":"tag-ramos","29":"tag-sports","30":"tag-une"},"share_on_mastodon":{"url":"https:\/\/pubeurope.com\/@fr\/115483844234404527","error":""},"_links":{"self":[{"href":"https:\/\/www.europesays.com\/fr\/wp-json\/wp\/v2\/posts\/508095","targetHints":{"allow":["GET"]}}],"collection":[{"href":"https:\/\/www.europesays.com\/fr\/wp-json\/wp\/v2\/posts"}],"about":[{"href":"https:\/\/www.europesays.com\/fr\/wp-json\/wp\/v2\/types\/post"}],"author":[{"embeddable":true,"href":"https:\/\/www.europesays.com\/fr\/wp-json\/wp\/v2\/users\/2"}],"replies":[{"embeddable":true,"href":"https:\/\/www.europesays.com\/fr\/wp-json\/wp\/v2\/comments?post=508095"}],"version-history":[{"count":0,"href":"https:\/\/www.europesays.com\/fr\/wp-json\/wp\/v2\/posts\/508095\/revisions"}],"wp:featuredmedia":[{"embeddable":true,"href":"https:\/\/www.europesays.com\/fr\/wp-json\/wp\/v2\/media\/508096"}],"wp:attachment":[{"href":"https:\/\/www.europesays.com\/fr\/wp-json\/wp\/v2\/media?parent=508095"}],"wp:term":[{"taxonomy":"category","embeddable":true,"href":"https:\/\/www.europesays.com\/fr\/wp-json\/wp\/v2\/categories?post=508095"},{"taxonomy":"post_tag","embeddable":true,"href":"https:\/\/www.europesays.com\/fr\/wp-json\/wp\/v2\/tags?post=508095"}],"curies":[{"name":"wp","href":"https:\/\/api.w.org\/{rel}","templated":true}]}}