{"id":508099,"date":"2025-11-03T04:20:34","date_gmt":"2025-11-03T04:20:34","guid":{"rendered":"https:\/\/www.europesays.com\/fr\/508099\/"},"modified":"2025-11-03T04:20:34","modified_gmt":"2025-11-03T04:20:34","slug":"a-beaulieu-les-loches-gaelle-seillet-sculpte-des-creations-pour-orner-les-sepultures","status":"publish","type":"post","link":"https:\/\/www.europesays.com\/fr\/508099\/","title":{"rendered":"\u00e0 Beaulieu-l\u00e8s-Loches, Ga\u00eblle Seillet sculpte des cr\u00e9ations pour orner les s\u00e9pultures"},"content":{"rendered":"<p>Au fil des gestes et des journ\u00e9es de travail, la mati\u00e8re prend forme. Des blocs de terre de gr\u00e8s se d\u00e9voilent une t\u00eate, un bec, des ailes, une queue. \u00ab\u00a0Ce qui compte, c\u2019est la mani\u00e8re de lui donner vie, essayer de donner du mouvement.\u00a0\u00bb <a target=\"_self\" href=\"https:\/\/www.lanouvellerepublique.fr\/indre-et-loire\/commune\/beaulieu-les-loches\/des-femmes-fleurs-aux-petits-mondes\" rel=\"noopener\">Depuis son atelier de Beaulieu-l\u00e8s-Loches, Ga\u00eblle Seillet<\/a> finalise la cr\u00e9ation qui lui a \u00e9t\u00e9 command\u00e9e il y a quelques mois.<\/p>\n<p>Ce qui est en train de na\u00eetre entre les mains de l\u2019artiste, sculptrice et c\u00e9ramiste, viendra bient\u00f4t orner une s\u00e9pulture. Cela fait plusieurs ann\u00e9es que la Bellilocienne s\u2019est lanc\u00e9e dans ce type de cr\u00e9ation fun\u00e9raire. \u00ab\u00a0\u00c7a a du sens pour moi, confie-t-elle. Je sais o\u00f9 va aller l\u2019\u0153uvre, elle est d\u00e9j\u00e0 adopt\u00e9e alors qu\u2019en temps normal je fabrique pour l\u2019adoption&#8230;. <\/p>\n<p>    Cet article a \u00e9t\u00e9 tronqu\u00e9. Abonnez-vous pour lire l&rsquo;article complet sur notre site.<\/p>\n<p>\u00a0\u00bb<\/p>\n<p style=\"margin: 0 !important; padding: 0 !important; font-size: 12px !important;\">Cet article a \u00e9t\u00e9 tronqu\u00e9. Abonnez-vous pour lire l&rsquo;article complet.<\/p>\n<p>    <a href=\"https:\/\/www.lanouvellerepublique.fr\/abonnements\" style=\"display: inline-block; margin-top: 5px !important; padding: 6px 12px !important; background: #cb1c27; color: white; text-decoration: none; border-radius: 4px; font-size: 12px !important;\" target=\"_blank\" rel=\"noopener\"><br \/>\n      S&rsquo;abonner<br \/>\n    <\/a><\/p>\n","protected":false},"excerpt":{"rendered":"Au fil des gestes et des journ\u00e9es de travail, la mati\u00e8re prend forme. Des blocs de terre de&hellip;\n","protected":false},"author":2,"featured_media":508100,"comment_status":"","ping_status":"","sticky":false,"template":"","format":"standard","meta":{"footnotes":""},"categories":[1358],"tags":[1392,1477,1348,1384,1385,45214,1386,58,33,59,1011,27,1387,1393],"class_list":{"0":"post-508099","1":"post","2":"type-post","3":"status-publish","4":"format-standard","5":"has-post-thumbnail","7":"category-arts-et-design","8":"tag-a-la-une-local","9":"tag-artisanat","10":"tag-arts","11":"tag-arts-and-design","12":"tag-arts-et-design","13":"tag-beaulieu-les-loches","14":"tag-design","15":"tag-divertissement","16":"tag-economie","17":"tag-entertainment","18":"tag-fr","19":"tag-france","20":"tag-indre-et-loire","21":"tag-loisirs"},"share_on_mastodon":{"url":"https:\/\/pubeurope.com\/@fr\/115483851045036488","error":""},"_links":{"self":[{"href":"https:\/\/www.europesays.com\/fr\/wp-json\/wp\/v2\/posts\/508099","targetHints":{"allow":["GET"]}}],"collection":[{"href":"https:\/\/www.europesays.com\/fr\/wp-json\/wp\/v2\/posts"}],"about":[{"href":"https:\/\/www.europesays.com\/fr\/wp-json\/wp\/v2\/types\/post"}],"author":[{"embeddable":true,"href":"https:\/\/www.europesays.com\/fr\/wp-json\/wp\/v2\/users\/2"}],"replies":[{"embeddable":true,"href":"https:\/\/www.europesays.com\/fr\/wp-json\/wp\/v2\/comments?post=508099"}],"version-history":[{"count":0,"href":"https:\/\/www.europesays.com\/fr\/wp-json\/wp\/v2\/posts\/508099\/revisions"}],"wp:featuredmedia":[{"embeddable":true,"href":"https:\/\/www.europesays.com\/fr\/wp-json\/wp\/v2\/media\/508100"}],"wp:attachment":[{"href":"https:\/\/www.europesays.com\/fr\/wp-json\/wp\/v2\/media?parent=508099"}],"wp:term":[{"taxonomy":"category","embeddable":true,"href":"https:\/\/www.europesays.com\/fr\/wp-json\/wp\/v2\/categories?post=508099"},{"taxonomy":"post_tag","embeddable":true,"href":"https:\/\/www.europesays.com\/fr\/wp-json\/wp\/v2\/tags?post=508099"}],"curies":[{"name":"wp","href":"https:\/\/api.w.org\/{rel}","templated":true}]}}