{"id":508101,"date":"2025-11-03T04:22:18","date_gmt":"2025-11-03T04:22:18","guid":{"rendered":"https:\/\/www.europesays.com\/fr\/508101\/"},"modified":"2025-11-03T04:22:18","modified_gmt":"2025-11-03T04:22:18","slug":"les-enfants-de-la-tele-diffuse-une-archive-compromettante-danne-elisabeth-lemoine","status":"publish","type":"post","link":"https:\/\/www.europesays.com\/fr\/508101\/","title":{"rendered":"\u00abLes enfants de la t\u00e9l\u00e9\u00bb diffuse une archive compromettante d\u2019Anne-Elisabeth Lemoine"},"content":{"rendered":"<p>    Anne-Elisabeth Lemoine et David Hallyday en 2002.<br \/>\n                Capture \u00e9cran.<\/p>\n<p>\n    Le divertissement de Faustine Bollaert s\u2019est amus\u00e9 \u00e0 ressortir une s\u00e9quence datant des d\u00e9buts t\u00e9l\u00e9vis\u00e9s de la journaliste qui anime aujourd\u2019hui \u00abC \u00e0 vous\u00bb sur France 5.<\/p>\n<p class=\"fig-paragraph\">\u00abCe que j\u2019aime, c\u2019est votre sto\u00efcit\u00e9\u00bb, s\u2019exclame\u00a0<a href=\"http:\/\/tvmag.lefigaro.fr\/programme-tv\/actu-tele\/je-commence-a-le-prendre-mal-faustine-bollaert-recadre-kad-merad-qui-s-est-trompe-de-prenom-trois-fois-20251020\" target=\"_blank\" data-fig-type=\"Article\" rel=\"noopener\" data-gtm-custom-categorie=\"navigation\" data-gtm-custom-action=\"crossclick\" data-gtm-custom-label=\"Contextuel\" data-gtm-event=\"customEventSPE\" data-fig-domain=\"TVMAG\"><strong>Faustine Bollaert<\/strong><\/a> \u00a0dans\u00a0<a href=\"https:\/\/tvmag.lefigaro.fr\/programme-tv\/programme\/les-enfants-de-la-tele-d2029302555\" target=\"_blank\" rel=\"sponsored noopener\" data-gtm-custom-categorie=\"navigation\" data-gtm-custom-action=\"crossclick\" data-gtm-custom-label=\"Contextuel\" data-gtm-event=\"customEventSPE\">\u00abLes enfants de la t\u00e9l\u00e9\u00bb<\/a>. S\u2019il est d\u2019ordinaire que les invit\u00e9s se confrontent \u00e0 \u00ableurs casseroles\u00bb, leurs passages g\u00eanants \u00e0 la t\u00e9l\u00e9vision,\u00a0<a href=\"http:\/\/tvmag.lefigaro.fr\/programme-tv\/actu-tele\/t-es-la-specialiste-du-spoil-anne-elisabeth-lemoine-commet-une-nouvelle-boulette-dans-c-a-vous-20251030\" target=\"_blank\" data-fig-type=\"Article\" rel=\"noopener\" data-gtm-custom-categorie=\"navigation\" data-gtm-custom-action=\"crossclick\" data-gtm-custom-label=\"Contextuel\" data-gtm-event=\"customEventSPE\" data-fig-domain=\"TVMAG\"><strong>Anne-Elisabeth Lemoine<\/strong><\/a>, qui ne figure pourtant pas autour de la table ce soir sur France 2, a d\u00fb avoir les oreilles qui ont siffl\u00e9 ce dimanche 2 novembre.<\/p>\n<p class=\"fig-paragraph\">Toutes les interviews ne se r\u00e9alisent pas dans les meilleures conditions. Une victoire sportive, les balances d\u2019un concert. Parfois celui ou celle qui est envoy\u00e9 sur le terrain peine \u00e0 entendre son retour lors de duplex. R\u00e9sultat, ils s\u2019\u00e9poumonent face \u00e0 la cam\u00e9ra. \u00abVous, vous y avez \u00e9t\u00e9 confront\u00e9 David Hallyday\u00bb, d\u00e9bute Faustine Bollaert avant de pr\u00e9ciser\u00a0: \u00abUne journaliste qui avait vraiment envie de se faire entendre et qui n\u2019h\u00e9sitait pas \u00e0 crier un peu fort. Vous la connaissez tr\u00e8s bien.\u00bb<\/p>\n<p>                                    <a class=\"fig-a11y-skip a11y-hidden\" href=\"#fig-a11y-skip-main-inarticle\"><br \/>\n        Passer la publicit\u00e9<br \/>\n    <\/a><\/p>\n<p>Des archives de 2002<\/p>\n<p class=\"fig-paragraph\">Les images datent de 2002 et sont extraites du talk-show \u00abOn ne peut pas plaire \u00e0 tout le monde\u00bb, anim\u00e9 par Marc-Olivier Fogiel sur France 3. Anne-Elisabeth d\u00e9bute \u00e0 cette \u00e9poque, bien avant d\u2019animer \u00abC \u00e0 vous\u00bb chaque soir sur France 5. V\u00eatue de rouge, la journaliste se montre tr\u00e8s enthousiaste face au fils de Johnny Hallyday. \u00abBient\u00f4t, comme papa, David mettra le feu \u00e0 la Tour Eiffel\u00bb, hurle-t-elle dans son micro. Le principal int\u00e9ress\u00e9, lui, reste silencieusement poli.<\/p>\n<p class=\"fig-paragraph\">Anne-Elisabeth Lemoine empoigne ensuite le chanteur, en d\u00e9clamant toujours avec un niveau de d\u00e9cibels \u00e0 la limite du supportable\u00a0: \u00abVous \u00eates jalouse Ariane\u00a0?\u00bb La jeune journaliste s\u2019adresse \u00e0 Ariane Massenet, copr\u00e9sentatrice durant les quatre premi\u00e8res saisons d\u2019\u00abOn ne peut pas plaire \u00e0 tout le monde\u00bb, avant que Guy Carlier ne prenne sa succession jusqu\u2019\u00e0 la fin du programme.<\/p>\n<p class=\"fig-paragraph\">La production des \u00abEnfants de la t\u00e9l\u00e9\u00bb n\u2019\u00e9pargne pas leur cons\u0153ur, dont le nom n\u2019est jamais cit\u00e9, puisque la s\u00e9quence se conclut par une ampoule qui casse au son de sa voix stridente. Gentleman, David Hallyday n\u2019enfonce par Anne-Elisabeth Lemoine directement, mais souligne: \u00abLa t\u00eate que je fais\u00bb. Le reste du plateau est plus cruel\u00a0: \u00abvous \u00eates hyperzen.\u00bb<\/p>\n","protected":false},"excerpt":{"rendered":"Anne-Elisabeth Lemoine et David Hallyday en 2002. Capture \u00e9cran. Le divertissement de Faustine Bollaert s\u2019est amus\u00e9 \u00e0 ressortir&hellip;\n","protected":false},"author":2,"featured_media":508102,"comment_status":"","ping_status":"","sticky":false,"template":"","format":"standard","meta":{"footnotes":""},"categories":[1356],"tags":[5631,58,59,6308,1011,27,252,1364],"class_list":{"0":"post-508101","1":"post","2":"type-post","3":"status-publish","4":"format-standard","5":"has-post-thumbnail","7":"category-television","8":"tag-anne-elisabeth-lemoine","9":"tag-divertissement","10":"tag-entertainment","11":"tag-faustine-bollaert","12":"tag-fr","13":"tag-france","14":"tag-television","15":"tag-tv"},"share_on_mastodon":{"url":"https:\/\/pubeurope.com\/@fr\/115483858986616213","error":""},"_links":{"self":[{"href":"https:\/\/www.europesays.com\/fr\/wp-json\/wp\/v2\/posts\/508101","targetHints":{"allow":["GET"]}}],"collection":[{"href":"https:\/\/www.europesays.com\/fr\/wp-json\/wp\/v2\/posts"}],"about":[{"href":"https:\/\/www.europesays.com\/fr\/wp-json\/wp\/v2\/types\/post"}],"author":[{"embeddable":true,"href":"https:\/\/www.europesays.com\/fr\/wp-json\/wp\/v2\/users\/2"}],"replies":[{"embeddable":true,"href":"https:\/\/www.europesays.com\/fr\/wp-json\/wp\/v2\/comments?post=508101"}],"version-history":[{"count":0,"href":"https:\/\/www.europesays.com\/fr\/wp-json\/wp\/v2\/posts\/508101\/revisions"}],"wp:featuredmedia":[{"embeddable":true,"href":"https:\/\/www.europesays.com\/fr\/wp-json\/wp\/v2\/media\/508102"}],"wp:attachment":[{"href":"https:\/\/www.europesays.com\/fr\/wp-json\/wp\/v2\/media?parent=508101"}],"wp:term":[{"taxonomy":"category","embeddable":true,"href":"https:\/\/www.europesays.com\/fr\/wp-json\/wp\/v2\/categories?post=508101"},{"taxonomy":"post_tag","embeddable":true,"href":"https:\/\/www.europesays.com\/fr\/wp-json\/wp\/v2\/tags?post=508101"}],"curies":[{"name":"wp","href":"https:\/\/api.w.org\/{rel}","templated":true}]}}