{"id":508117,"date":"2025-11-03T04:31:15","date_gmt":"2025-11-03T04:31:15","guid":{"rendered":"https:\/\/www.europesays.com\/fr\/508117\/"},"modified":"2025-11-03T04:31:15","modified_gmt":"2025-11-03T04:31:15","slug":"donald-trump-reitere-ses-menaces-dintervenir-militairement-au-nigeria","status":"publish","type":"post","link":"https:\/\/www.europesays.com\/fr\/508117\/","title":{"rendered":"Donald Trump r\u00e9it\u00e8re ses menaces d\u2019intervenir militairement au Nigeria"},"content":{"rendered":"<p>Donald Trump intensifie <a href=\"https:\/\/www.20minutes.fr\/monde\/4183004-20251101-donald-trump-menace-nigeria-action-militaire-faire-cesser-meurtres-chretiens\" target=\"_blank\" class=\"c-link c-link--is-underlined\" rel=\"nofollow noopener\">sa pression sur le Nigeria<\/a> et il se montre pour cela particuli\u00e8rement mena\u00e7ant. Le pr\u00e9sident des Etats-Unis a en effet r\u00e9p\u00e9t\u00e9 dimanche son d\u00e9sir d\u2019y intervenir militairement en raison de ce qu\u2019il pr\u00e9tend \u00eatre une pers\u00e9cution des chr\u00e9tiens. Pour tenter de d\u00e9miner la crise diplomatique, le pr\u00e9sident Bola Tinubu avait pourtant auparavant sugg\u00e9r\u00e9 une rencontre avec son homologue am\u00e9ricain \u00ab\u00a0dans les prochains jours\u00a0\u00bb.<\/p>\n<p>A la question d\u2019un journaliste de l\u2019AFP de savoir s\u2019il envisage une intervention terrestre ou des frappes a\u00e9riennes au Nigeria, le pr\u00e9sident am\u00e9ricain a r\u00e9pondu \u00e0 bord d\u2019Air Force One\u00a0: \u00ab\u00a0\u00c7a pourrait \u00eatre beaucoup de choses. J\u2019envisage beaucoup de choses.\u00a0\u00bb \u00ab\u00a0Ils tuent les chr\u00e9tiens et ils les tuent en tr\u00e8s grand nombre. Nous n\u2019allons pas laisser \u00e7a se produire\u00a0\u00bb, a-t-il encore affirm\u00e9.<\/p>\n<p>Le Nigeria tente de temporiser<\/p>\n<p>La veille, Donald Trump avait d\u00e9j\u00e0 menac\u00e9 le Nigeria d\u2019y mener une action militaire si le pays n\u2019arr\u00eatait pas ce que le pr\u00e9sident r\u00e9publicain consid\u00e8re comme des \u00ab\u00a0meurtres de chr\u00e9tiens\u00a0\u00bb par des \u00ab\u00a0terroristes islamistes\u00a0\u00bb.<\/p>\n<\/p>\n<p>\u00ab\u00a0Le pr\u00e9sident Trump a beaucoup aid\u00e9 le Nigeria en autorisant la vente d\u2019armes \u00e0 ce pays, et le pr\u00e9sident Tinubu a su tirer parti de cette opportunit\u00e9 dans la lutte contre le terrorisme, ce qui nous a permis d\u2019obtenir des r\u00e9sultats consid\u00e9rables\u00a0\u00bb, a \u00e9crit dimanche sur X Daniel Bwala, conseiller en communication de la pr\u00e9sidence nig\u00e9riane. \u00ab\u00a0Quant \u00e0 savoir si les terroristes au Nigeria ciblent uniquement les chr\u00e9tiens ou en fait toutes les confessions et les non-croyants, elles seront discut\u00e9es et r\u00e9solues par les deux dirigeants lorsqu\u2019ils se rencontreront dans les prochains jours, soit \u00e0 la State House, soit \u00e0 la Maison-Blanche\u00a0\u00bb, a-t-il ajout\u00e9.<\/p>\n<p>Le lobbying d\u2019\u00e9lus conservateurs<\/p>\n<p>Ces menaces de Donald Trump interviennent apr\u00e8s des mois de lobbying de la part <a href=\"https:\/\/www.20minutes.fr\/diaporama\/diaporama-4174439-images-galaxie-maga-reunit-donald-trump-hommage-charlie-kirk\" target=\"_blank\" class=\"c-link c-link--is-underlined\" rel=\"nofollow noopener\">d\u2019\u00e9lus am\u00e9ricains conservateurs<\/a> qui estiment que les chr\u00e9tiens font face au Nigeria \u00e0 un \u00ab\u00a0g\u00e9nocide\u00a0\u00bb. Ces accusations ont \u00e9galement \u00e9t\u00e9 relay\u00e9es par des associations chr\u00e9tiennes et \u00e9vang\u00e9liques, et ont trouv\u00e9 un \u00e9cho aupr\u00e8s de responsables politiques europ\u00e9ens d\u2019extr\u00eame droite, bien qu\u2019elles soient mises en doute par des experts.<\/p>\n<p><a href=\"https:\/\/www.20minutes.fr\/monde\/nigeria\/\" target=\"_blank\" class=\"c-link c-btn c-btn--primary\" rel=\"nofollow noopener\">Notre dossier sur le Nigeria<\/a><\/p>\n<p>\u00ab\u00a0Si le gouvernement nig\u00e9rian continue de tol\u00e9rer les meurtres de chr\u00e9tiens, les Etats-Unis cesseront imm\u00e9diatement toute aide au Nigeria, et pourraient tr\u00e8s bien aller dans ce pays d\u00e9sormais d\u00e9shonor\u00e9 en d\u00e9fouraillant \u00e0 tout-va, pour an\u00e9antir compl\u00e8tement les terroristes islamistes qui commettent ces atrocit\u00e9s horribles\u00a0\u00bb, a averti le pr\u00e9sident r\u00e9publicain sur sa plateforme Truth Social samedi, apr\u00e8s avoir inscrit la veille le Nigeria sur la liste des pays \u00ab\u00a0particuli\u00e8rement pr\u00e9occupants\u00a0\u00bb en mati\u00e8re de libert\u00e9 religieuse.<\/p>\n<p>Le Nigeria est min\u00e9 par des probl\u00e8mes s\u00e9curitaires. La r\u00e9gion nord-est est un foyer de l\u2019insurrection djihadiste <a href=\"https:\/\/www.20minutes.fr\/monde\/niger\/4169101-20250822-boko-haram-bakura-chef-groupe-djihadiste-mort-frappe-comme-affirme-armee-niger\" target=\"_blank\" class=\"c-link c-link--is-underlined\" rel=\"nofollow noopener\">Boko Haram<\/a>, qui a fait plus de 40.000 morts et d\u00e9plac\u00e9 plus de deux millions de personnes depuis\u00a02009, selon les estimations des Nations unies.<\/p>\n","protected":false},"excerpt":{"rendered":"Donald Trump intensifie sa pression sur le Nigeria et il se montre pour cela particuli\u00e8rement mena\u00e7ant. Le pr\u00e9sident&hellip;\n","protected":false},"author":2,"featured_media":508118,"comment_status":"","ping_status":"","sticky":false,"template":"","format":"standard","meta":{"footnotes":""},"categories":[5],"tags":[47,11,33235,16951,75,73,1011,27,14,74,12,4778,4020,133,28],"class_list":{"0":"post-508117","1":"post","2":"type-post","3":"status-publish","4":"format-standard","5":"has-post-thumbnail","7":"category-international","8":"tag-actualite","9":"tag-actualites","10":"tag-boko-haram","11":"tag-chretien","12":"tag-donald-trump","13":"tag-etats-unis","14":"tag-fr","15":"tag-france","16":"tag-international","17":"tag-monde","18":"tag-news","19":"tag-nigeria","20":"tag-religion","21":"tag-video","22":"tag-world"},"share_on_mastodon":{"url":"","error":""},"_links":{"self":[{"href":"https:\/\/www.europesays.com\/fr\/wp-json\/wp\/v2\/posts\/508117","targetHints":{"allow":["GET"]}}],"collection":[{"href":"https:\/\/www.europesays.com\/fr\/wp-json\/wp\/v2\/posts"}],"about":[{"href":"https:\/\/www.europesays.com\/fr\/wp-json\/wp\/v2\/types\/post"}],"author":[{"embeddable":true,"href":"https:\/\/www.europesays.com\/fr\/wp-json\/wp\/v2\/users\/2"}],"replies":[{"embeddable":true,"href":"https:\/\/www.europesays.com\/fr\/wp-json\/wp\/v2\/comments?post=508117"}],"version-history":[{"count":0,"href":"https:\/\/www.europesays.com\/fr\/wp-json\/wp\/v2\/posts\/508117\/revisions"}],"wp:featuredmedia":[{"embeddable":true,"href":"https:\/\/www.europesays.com\/fr\/wp-json\/wp\/v2\/media\/508118"}],"wp:attachment":[{"href":"https:\/\/www.europesays.com\/fr\/wp-json\/wp\/v2\/media?parent=508117"}],"wp:term":[{"taxonomy":"category","embeddable":true,"href":"https:\/\/www.europesays.com\/fr\/wp-json\/wp\/v2\/categories?post=508117"},{"taxonomy":"post_tag","embeddable":true,"href":"https:\/\/www.europesays.com\/fr\/wp-json\/wp\/v2\/tags?post=508117"}],"curies":[{"name":"wp","href":"https:\/\/api.w.org\/{rel}","templated":true}]}}