{"id":508119,"date":"2025-11-03T04:32:17","date_gmt":"2025-11-03T04:32:17","guid":{"rendered":"https:\/\/www.europesays.com\/fr\/508119\/"},"modified":"2025-11-03T04:32:17","modified_gmt":"2025-11-03T04:32:17","slug":"plusieurs-accidents-font-de-nombreux-blesses-sur-la84-qui-est-en-partie-coupee","status":"publish","type":"post","link":"https:\/\/www.europesays.com\/fr\/508119\/","title":{"rendered":"Plusieurs accidents font de nombreux bless\u00e9s sur l\u2019A84, qui est en partie coup\u00e9e"},"content":{"rendered":"<p>            Par<br \/>\n        <strong><br \/>\n            <a href=\"https:\/\/actu.fr\/auteur\/l-ameline\" title=\"Consulter tous les articles de Ludovic Ameline\" target=\"_blank\" rel=\"noopener\">Ludovic Ameline<\/a><br \/>\n        <\/strong><\/p>\n<p>        Publi\u00e9 le<\/p>\n<p>            2 nov. 2025 \u00e0 18h24        <\/p>\n<p><b>Trois accidents impliquant de nombreux v\u00e9hicules<\/b> ont eu lieu ce dimanche 2 novembre 2025 \u00e0 partir de 16 h 19<b>\u00a0<\/b>sur l\u2019A84 au niveau de la commune de Guilberville (commune d\u00e9l\u00e9gu\u00e9e de<a href=\"https:\/\/actu.fr\/normandie\/torigny-les-villes_50601\" target=\"_blank\" rel=\"noopener\"> Torigny-les-Villes<\/a>, Manche) dans le sens <a href=\"https:\/\/actu.fr\/liberte-caen\/\" target=\"_blank\" rel=\"noopener\">Caen<\/a> \u2013 Rennes.<\/p>\n<p class=\" wall-content\">Le premier accident, qui concerne<b> sept voitures, <\/b>a fait<b> sept bless\u00e9s l\u00e9gers.<\/b> Pour les deux autres accidents, le bilan est le m\u00eame :<b> trois voitures impliqu\u00e9es et deux personnes l\u00e9g\u00e8rement bless\u00e9es.<\/b><\/p>\n<p class=\" wall-content\">Au moins <b>32 <\/b>sapeurs-pompiers sont <b>actuellement sur place <\/b>pour venir en aide aux victimes.<\/p>\n<p>Une d\u00e9viation<\/p>\n<p class=\" wall-content\">Les v\u00e9hicules sont invit\u00e9s \u00e0 sortir de l\u2019autoroute <b>au niveau de l\u2019\u00e9changeur 41, l\u2019A84 ayant \u00e9t\u00e9 coup\u00e9e dans le sens Caen \u2013 Rennes \u00e0 partir de cet endroit.<\/b><\/p>\n<p class=\" wall-content\">Cette d\u00e9viation est mise en place pour<b> au moins une heure.<\/b><\/p>\n<p class=\" wall-content\">Personnalisez votre actualit\u00e9 en ajoutant vos villes et m\u00e9dias en favori avec <a href=\"https:\/\/moncompte.actu.fr\" title=\"D\u00e9couvez Mon Actu\" rel=\"nofollow noopener\" data-trk=\"{&quot;cta&quot;:{&quot;action&quot;:&quot;https:\\\/\\\/moncompte.actu.fr&quot;,&quot;category&quot;:&quot;mon compte&quot;,&quot;from&quot;:&quot;article footer&quot;,&quot;name&quot;:&quot;Mon actu&quot;,&quot;type&quot;:&quot;cta&quot;}}\" target=\"_blank\">Mon Actu<\/a>.<\/p>\n","protected":false},"excerpt":{"rendered":"Par Ludovic Ameline Publi\u00e9 le 2 nov. 2025 \u00e0 18h24 Trois accidents impliquant de nombreux v\u00e9hicules ont eu&hellip;\n","protected":false},"author":2,"featured_media":508120,"comment_status":"","ping_status":"","sticky":false,"template":"","format":"standard","meta":{"footnotes":""},"categories":[4],"tags":[119,11,118,1011,27,3381,12,1311,25],"class_list":{"0":"post-508119","1":"post","2":"type-post","3":"status-publish","4":"format-standard","5":"has-post-thumbnail","7":"category-france","8":"tag-accident","9":"tag-actualites","10":"tag-faits-divers","11":"tag-fr","12":"tag-france","13":"tag-gendarmerie","14":"tag-news","15":"tag-pompiers","16":"tag-republique-francaise"},"share_on_mastodon":{"url":"https:\/\/pubeurope.com\/@fr\/115483898362737843","error":""},"_links":{"self":[{"href":"https:\/\/www.europesays.com\/fr\/wp-json\/wp\/v2\/posts\/508119","targetHints":{"allow":["GET"]}}],"collection":[{"href":"https:\/\/www.europesays.com\/fr\/wp-json\/wp\/v2\/posts"}],"about":[{"href":"https:\/\/www.europesays.com\/fr\/wp-json\/wp\/v2\/types\/post"}],"author":[{"embeddable":true,"href":"https:\/\/www.europesays.com\/fr\/wp-json\/wp\/v2\/users\/2"}],"replies":[{"embeddable":true,"href":"https:\/\/www.europesays.com\/fr\/wp-json\/wp\/v2\/comments?post=508119"}],"version-history":[{"count":0,"href":"https:\/\/www.europesays.com\/fr\/wp-json\/wp\/v2\/posts\/508119\/revisions"}],"wp:featuredmedia":[{"embeddable":true,"href":"https:\/\/www.europesays.com\/fr\/wp-json\/wp\/v2\/media\/508120"}],"wp:attachment":[{"href":"https:\/\/www.europesays.com\/fr\/wp-json\/wp\/v2\/media?parent=508119"}],"wp:term":[{"taxonomy":"category","embeddable":true,"href":"https:\/\/www.europesays.com\/fr\/wp-json\/wp\/v2\/categories?post=508119"},{"taxonomy":"post_tag","embeddable":true,"href":"https:\/\/www.europesays.com\/fr\/wp-json\/wp\/v2\/tags?post=508119"}],"curies":[{"name":"wp","href":"https:\/\/api.w.org\/{rel}","templated":true}]}}