{"id":508144,"date":"2025-11-03T04:59:27","date_gmt":"2025-11-03T04:59:27","guid":{"rendered":"https:\/\/www.europesays.com\/fr\/508144\/"},"modified":"2025-11-03T04:59:27","modified_gmt":"2025-11-03T04:59:27","slug":"elle-a-quitte-la-communication-pour-se-lancer-dans-la-psychotherapie-pres-de-nantes-2","status":"publish","type":"post","link":"https:\/\/www.europesays.com\/fr\/508144\/","title":{"rendered":"Elle a quitt\u00e9 la communication pour se lancer dans la psychoth\u00e9rapie pr\u00e8s de Nantes"},"content":{"rendered":"<p>Apr\u00e8s un riche parcours professionnel m\u00ealant communication, formation et accompagnement, Sandrine Zadra, habitante de Saint-Herblain, vient de se lancer dans une nouvelle activit\u00e9 de psychopraticienne \u00e0 la Maison d\u2019Hygie.<\/p>\n<p>\u00ab\u00a0Aider ceux qui souffrent \u00e0 moins souffrir\u00a0\u00bb<\/p>\n<p>\u00ab\u00a0Avec \u00e9coute, bienveillance et respect, je souhaite aujourd\u2019hui r\u00e9pondre \u00e0 un besoin\u00a0: aider ceux qui souffrent \u00e0 moins souffrir, \u00e0 recr\u00e9er du lien et \u00e0 s\u2019approprier une nouvelle histoire de vie\u00a0\u00bb, explique-t-elle.<\/p>\n<p><strong>LIRE AUSSI\u00a0: <\/strong> <a href=\"https:\/\/nantes.maville.com\/actu\/actudet_-le-nuage-toxique-a-nantes-il-y-a-38-ans-une-catastrophe-evitee-de-justesse-_8-7043716_actu.Htm\" rel=\"nofollow noopener\" target=\"_blank\">Le nuage toxique \u00e0 Nantes il y a 38\u00a0ans\u00a0: une catastrophe \u00e9vit\u00e9e de justesse<\/a><\/p>\n<p>Son accompagnement personnalis\u00e9 est centr\u00e9 sur la personne, ses \u00e9motions et son parcours. Gr\u00e2ce notamment \u00e0 l\u2019hypnose, Sandrine Zadra aide \u00e0 d\u00e9samorcer certaines peurs \u2013 comme la peur de l\u2019avion ou de conduire \u2013, \u00e0 apaiser les blessures du pass\u00e9 et \u00e0 restaurer la confiance en soi pour retrouver davantage de libert\u00e9 int\u00e9rieure.<\/p>\n<p>Sandrine Zadra \u2013 Psychopraticienne<br \/>Maison d\u2019Hygie, Saint-Herblain<br \/>07\u00a080\u00a021\u00a057\u00a032<\/p>\n<p>\u00a0<\/p>\n","protected":false},"excerpt":{"rendered":"Apr\u00e8s un riche parcours professionnel m\u00ealant communication, formation et accompagnement, Sandrine Zadra, habitante de Saint-Herblain, vient de se&hellip;\n","protected":false},"author":2,"featured_media":507835,"comment_status":"","ping_status":"","sticky":false,"template":"","format":"standard","meta":{"footnotes":""},"categories":[2818],"tags":[1111,11,536,1777,674,1011,27,29618,766,12,2636,3762,62957,19080,25],"class_list":{"0":"post-508144","1":"post","2":"type-post","3":"status-publish","4":"format-standard","5":"has-post-thumbnail","7":"category-nantes","8":"tag-actu","9":"tag-actualites","10":"tag-communication","11":"tag-eu","12":"tag-europe","13":"tag-fr","14":"tag-france","15":"tag-lancer","16":"tag-nantes","17":"tag-news","18":"tag-pays-de-la-loire","19":"tag-pres","20":"tag-psychotherapie","21":"tag-quitte","22":"tag-republique-francaise"},"share_on_mastodon":{"url":"https:\/\/pubeurope.com\/@fr\/115484004506662021","error":""},"_links":{"self":[{"href":"https:\/\/www.europesays.com\/fr\/wp-json\/wp\/v2\/posts\/508144","targetHints":{"allow":["GET"]}}],"collection":[{"href":"https:\/\/www.europesays.com\/fr\/wp-json\/wp\/v2\/posts"}],"about":[{"href":"https:\/\/www.europesays.com\/fr\/wp-json\/wp\/v2\/types\/post"}],"author":[{"embeddable":true,"href":"https:\/\/www.europesays.com\/fr\/wp-json\/wp\/v2\/users\/2"}],"replies":[{"embeddable":true,"href":"https:\/\/www.europesays.com\/fr\/wp-json\/wp\/v2\/comments?post=508144"}],"version-history":[{"count":0,"href":"https:\/\/www.europesays.com\/fr\/wp-json\/wp\/v2\/posts\/508144\/revisions"}],"wp:featuredmedia":[{"embeddable":true,"href":"https:\/\/www.europesays.com\/fr\/wp-json\/wp\/v2\/media\/507835"}],"wp:attachment":[{"href":"https:\/\/www.europesays.com\/fr\/wp-json\/wp\/v2\/media?parent=508144"}],"wp:term":[{"taxonomy":"category","embeddable":true,"href":"https:\/\/www.europesays.com\/fr\/wp-json\/wp\/v2\/categories?post=508144"},{"taxonomy":"post_tag","embeddable":true,"href":"https:\/\/www.europesays.com\/fr\/wp-json\/wp\/v2\/tags?post=508144"}],"curies":[{"name":"wp","href":"https:\/\/api.w.org\/{rel}","templated":true}]}}