{"id":508156,"date":"2025-11-03T05:08:11","date_gmt":"2025-11-03T05:08:11","guid":{"rendered":"https:\/\/www.europesays.com\/fr\/508156\/"},"modified":"2025-11-03T05:08:11","modified_gmt":"2025-11-03T05:08:11","slug":"polemique-au-mucem-a-cause-du-lien-de-lun-de-ses-mecenes-avec-israel","status":"publish","type":"post","link":"https:\/\/www.europesays.com\/fr\/508156\/","title":{"rendered":"Pol\u00e9mique au Mucem \u00e0 cause du lien de l&rsquo;un de ses m\u00e9c\u00e8nes avec Isra\u00ebl"},"content":{"rendered":"<p>\t    Pol\u00e9mique au Mucem \u00e0 cause du lien de l&rsquo;un de ses m\u00e9c\u00e8nes avec Isra\u00ebl &#8211; Marsactu<\/p>\n<p>&#13;<br \/>\n\t\t&#13;<\/p>\n<p>Nous utilisons des cookies pour vous garantir la meilleure exp\u00e9rience sur notre site. Vous pouvez choisir de refuser les cookies.J&rsquo;accepteNonEn savoir plus<\/p>\n<p>\t\t&#13;<\/p>\n","protected":false},"excerpt":{"rendered":"Pol\u00e9mique au Mucem \u00e0 cause du lien de l&rsquo;un de ses m\u00e9c\u00e8nes avec Isra\u00ebl &#8211; Marsactu &#13; &#13;&hellip;\n","protected":false},"author":2,"featured_media":508157,"comment_status":"","ping_status":"","sticky":false,"template":"","format":"standard","meta":{"footnotes":""},"categories":[2814],"tags":[1111,11,62990,1777,674,1011,27,665,884,6864,12,882,25,4772],"class_list":{"0":"post-508156","1":"post","2":"type-post","3":"status-publish","4":"format-standard","5":"has-post-thumbnail","7":"category-marseille","8":"tag-actu","9":"tag-actualites","10":"tag-digitalrealty","11":"tag-eu","12":"tag-europe","13":"tag-fr","14":"tag-france","15":"tag-gaza","16":"tag-marseille","17":"tag-mucem","18":"tag-news","19":"tag-provence-alpes-cote-dazur","20":"tag-republique-francaise","21":"tag-zalu"},"share_on_mastodon":{"url":"https:\/\/pubeurope.com\/@fr\/115484039766642640","error":""},"_links":{"self":[{"href":"https:\/\/www.europesays.com\/fr\/wp-json\/wp\/v2\/posts\/508156","targetHints":{"allow":["GET"]}}],"collection":[{"href":"https:\/\/www.europesays.com\/fr\/wp-json\/wp\/v2\/posts"}],"about":[{"href":"https:\/\/www.europesays.com\/fr\/wp-json\/wp\/v2\/types\/post"}],"author":[{"embeddable":true,"href":"https:\/\/www.europesays.com\/fr\/wp-json\/wp\/v2\/users\/2"}],"replies":[{"embeddable":true,"href":"https:\/\/www.europesays.com\/fr\/wp-json\/wp\/v2\/comments?post=508156"}],"version-history":[{"count":0,"href":"https:\/\/www.europesays.com\/fr\/wp-json\/wp\/v2\/posts\/508156\/revisions"}],"wp:featuredmedia":[{"embeddable":true,"href":"https:\/\/www.europesays.com\/fr\/wp-json\/wp\/v2\/media\/508157"}],"wp:attachment":[{"href":"https:\/\/www.europesays.com\/fr\/wp-json\/wp\/v2\/media?parent=508156"}],"wp:term":[{"taxonomy":"category","embeddable":true,"href":"https:\/\/www.europesays.com\/fr\/wp-json\/wp\/v2\/categories?post=508156"},{"taxonomy":"post_tag","embeddable":true,"href":"https:\/\/www.europesays.com\/fr\/wp-json\/wp\/v2\/tags?post=508156"}],"curies":[{"name":"wp","href":"https:\/\/api.w.org\/{rel}","templated":true}]}}