{"id":508160,"date":"2025-11-03T05:10:12","date_gmt":"2025-11-03T05:10:12","guid":{"rendered":"https:\/\/www.europesays.com\/fr\/508160\/"},"modified":"2025-11-03T05:10:12","modified_gmt":"2025-11-03T05:10:12","slug":"le-meurtrier-presume-dashur-sarnaya-peu-cooperatif","status":"publish","type":"post","link":"https:\/\/www.europesays.com\/fr\/508160\/","title":{"rendered":"le meurtrier pr\u00e9sum\u00e9 d&rsquo;Ashur Sarnaya peu coop\u00e9ratif"},"content":{"rendered":"<p itemprop=\"description\"><strong>Apr\u00e8s presque un mois de d\u00e9tention en Italie o\u00f9 il a \u00e9t\u00e9 interpell\u00e9 le 2 octobre, le principal suspect du meurtre d&rsquo;Ashur Sarnaya \u00e0 Lyon a \u00e9t\u00e9 remis aux autorit\u00e9s fran\u00e7aises.<\/strong><\/p>\n<p>Mis en examen pour assassinat terroriste et association de malfaiteurs terroriste criminelle, il s&rsquo;est bri\u00e8vement entretenu avec des juges.<\/p>\n<p>Selon <a href=\"https:\/\/www.lefigaro.fr\/actualite-france\/je-souhaite-etre-traite-avec-respect-ce-que-l-assassin-presume-du-chretien-irakien-a-dit-aux-juges-20251031\" target=\"_blank\" rel=\"noopener\">Le Figaro<\/a>, cet Alg\u00e9rien qui vivait dans le 8e arrondissement de Lyon avec d&rsquo;autres migrants en situation irr\u00e9guli\u00e8re s&rsquo;est montr\u00e9 peu coop\u00e9ratif.<\/p>\n<p>\u00ab\u00a0Avant de parler, j\u2019attends qu\u2019on me dise ce que l\u2019on me reproche\u00a0\u00bb, aurait-il d\u00e9clar\u00e9, expliquant s&rsquo;\u00eatre rendu en Italie non pas pour fuir les autorit\u00e9s fran\u00e7aises mais pour obtenir des papiers.<\/p>\n<p>Sabri B. avait pourtant quitt\u00e9 pr\u00e9cipitamment Lyon le soir-m\u00eame du meurtre, prenant un BlablaBus jusqu&rsquo;\u00e0 Milan.<\/p>\n<p>\u00ab\u00a0Fatigu\u00e9\u00a0\u00bb et \u00ab\u00a0tr\u00e8s stress\u00e9\u00a0\u00bb par ce qui lui arrive depuis un mois, l&rsquo;individu aurait \u00e9galement exig\u00e9 d&rsquo;\u00eatre \u00ab\u00a0trait\u00e9 avec respect\u00a0\u00bb en France, toujours selon nos confr\u00e8res.<\/p>\n<p>Ce livreur est soup\u00e7onn\u00e9 d&rsquo;avoir tu\u00e9 Ashur Sarnaya le 10 septembre dernier, au pied de l&rsquo;immeuble de ce dernier dans le quartier de Gorge de Loup dans le 9e arrondissement de Lyon. Chr\u00e9tien d&rsquo;Irak revendiqu\u00e9, la victime \u00e9tait en plein live sur TikTok lorsqu&rsquo;elle a \u00e9t\u00e9 poignard\u00e9e au cou. Elle r\u00e9alisait de nombreux contenus sur les r\u00e9seaux sociaux en lien avec sa foi.<\/p>\n<p>C&rsquo;est d\u00e9sormais le parquet national antiterroriste qui pilote le dossier, le parquet de Lyon s&rsquo;\u00e9tant dessaisi de l&rsquo;affaire.<\/p>\n","protected":false},"excerpt":{"rendered":"Apr\u00e8s presque un mois de d\u00e9tention en Italie o\u00f9 il a \u00e9t\u00e9 interpell\u00e9 le 2 octobre, le principal&hellip;\n","protected":false},"author":2,"featured_media":508161,"comment_status":"","ping_status":"","sticky":false,"template":"","format":"standard","meta":{"footnotes":""},"categories":[1889],"tags":[1111,11,2813,2190,2430,1109,251,1112,2811,1777,674,118,1011,27,1922,1110,1114,2428,2810,12,241,316,25,2812,517,800],"class_list":{"0":"post-508160","1":"post","2":"type-post","3":"status-publish","4":"format-standard","5":"has-post-thumbnail","7":"category-lyon","8":"tag-actu","9":"tag-actualites","10":"tag-article","11":"tag-asvel","12":"tag-auvergne-rhone-alpes","13":"tag-breves","14":"tag-culture","15":"tag-depeches","16":"tag-economique","17":"tag-eu","18":"tag-europe","19":"tag-faits-divers","20":"tag-fr","21":"tag-france","22":"tag-info","23":"tag-informations","24":"tag-infos","25":"tag-lyon","26":"tag-lyonmag","27":"tag-news","28":"tag-ol","29":"tag-politique","30":"tag-republique-francaise","31":"tag-sociale","32":"tag-sport","33":"tag-transports"},"share_on_mastodon":{"url":"https:\/\/pubeurope.com\/@fr\/115484047690897234","error":""},"_links":{"self":[{"href":"https:\/\/www.europesays.com\/fr\/wp-json\/wp\/v2\/posts\/508160","targetHints":{"allow":["GET"]}}],"collection":[{"href":"https:\/\/www.europesays.com\/fr\/wp-json\/wp\/v2\/posts"}],"about":[{"href":"https:\/\/www.europesays.com\/fr\/wp-json\/wp\/v2\/types\/post"}],"author":[{"embeddable":true,"href":"https:\/\/www.europesays.com\/fr\/wp-json\/wp\/v2\/users\/2"}],"replies":[{"embeddable":true,"href":"https:\/\/www.europesays.com\/fr\/wp-json\/wp\/v2\/comments?post=508160"}],"version-history":[{"count":0,"href":"https:\/\/www.europesays.com\/fr\/wp-json\/wp\/v2\/posts\/508160\/revisions"}],"wp:featuredmedia":[{"embeddable":true,"href":"https:\/\/www.europesays.com\/fr\/wp-json\/wp\/v2\/media\/508161"}],"wp:attachment":[{"href":"https:\/\/www.europesays.com\/fr\/wp-json\/wp\/v2\/media?parent=508160"}],"wp:term":[{"taxonomy":"category","embeddable":true,"href":"https:\/\/www.europesays.com\/fr\/wp-json\/wp\/v2\/categories?post=508160"},{"taxonomy":"post_tag","embeddable":true,"href":"https:\/\/www.europesays.com\/fr\/wp-json\/wp\/v2\/tags?post=508160"}],"curies":[{"name":"wp","href":"https:\/\/api.w.org\/{rel}","templated":true}]}}