{"id":508272,"date":"2025-11-03T06:25:19","date_gmt":"2025-11-03T06:25:19","guid":{"rendered":"https:\/\/www.europesays.com\/fr\/508272\/"},"modified":"2025-11-03T06:25:19","modified_gmt":"2025-11-03T06:25:19","slug":"lyon-ville-morte-durant-lete-2025-les-raisons-de-cet-echec","status":"publish","type":"post","link":"https:\/\/www.europesays.com\/fr\/508272\/","title":{"rendered":"Lyon, ville morte durant l\u2019\u00e9t\u00e9 2025. Les raisons de cet \u00e9chec &#8211;"},"content":{"rendered":"<p>\t\t\t\t<img fetchpriority=\"high\" decoding=\"async\" width=\"900\" height=\"860\" src=\"https:\/\/www.europesays.com\/fr\/wp-content\/uploads\/2025\/11\/Place-des-Jacobins-lyon.jpg\" alt=\"\" title=\"Place des Jacobins lyon\"   class=\"wp-image-166379\"\/><\/p>\n<p>La place des Jacobins, en fin de matin\u00e9e, le18 ao\u00fbt 2025 &#8211; Photos Pierre Chambon <\/p>\n<p><strong>Texte\u00a0: Marco Polisson \u2013<\/strong> La capitale des Gaules a v\u00e9cu un \u00e9t\u00e9 catastrophique. Les Lyonnais, d\u00e9gout\u00e9s, l\u2019avaient fuie en masse, et les touristes n\u2019osent plus s\u2019y aventurer. Merci qui\u00a0?<\/p>\n<p>Durant mes vacances, attabl\u00e9 au Topolino, le restaurant cosy de Czestochowa, je d\u00e9couvre ce post Facebook du conseiller communautaire <strong>Pierre Chambon<\/strong> (ci-dessous) accompagn\u00e9 de la photo ci-dessus : \u00ab 18 ao\u00fbt 2025 10h50\u2026 Lyon est un d\u00e9sert. Il me faut remonter aux ann\u00e9es 90 (\u2026) pour trouver notre ville vide \u00e0 ce point. \u00bb. Les chiffres de l\u2019observatoire MKG le confirment. Nos h\u00f4tels ont affich\u00e9 un petit 64% de Taux d\u2019occupation en ao\u00fbt.<\/p>\n<p><img loading=\"lazy\" decoding=\"async\" class=\" wp-image-166380 alignleft\" src=\"data:image\/svg+xml,%3Csvg%20xmlns=\" http:=\"\" alt=\"\" width=\"290\" height=\"290\" data-lazy-src=\"https:\/\/www.europesays.com\/fr\/wp-content\/uploads\/2025\/11\/Pierre-Chambon-Lyon.jpg\"\/>La capitale spirituelle de la Pologne (que je vous recommande) est \u00e0 mi-parcours du long road trip qui m\u2019a conduit, en famille, sur les routes de notre belle Europe. Partout, du monde, de la chaleur et de la couleur.<\/p>\n<p>Sur la grand\u2019 place de la paisible Bruxelles (mais loin de sa technocratique commission), ou au bord des canaux de la d\u00e9liquescente Amsterdam (TO de 82,4%), la m\u00eame effervescence bouillonnante. Difficile de se frayer un passage sur les berges de Rostock, les quais de Hambourg et de Gdansk, dont les docks \u2013 chers \u00e0 Lech Walesa \u2013 ont \u00e9t\u00e9 magnifiquement r\u00e9habilit\u00e9s.<\/p>\n<p><strong>Cette joie de vivre contraste avec le silence des rues lyonnaises.<br \/><\/strong><br \/>Idem pour les trois capitales baltes, la discr\u00e8te Vilnius, l\u2019effervescente Riga (notre coup de c\u0153ur) et la touristique Tallinn qui partagent avec Lyon, le m\u00eame h\u00e9ritage patrimonial avec une vieille ville \u00e9lev\u00e9e au patrimoine de l\u2019UNESCO. Idem \u00e0 Kaunas ou \u00e0 Wroclaw, ou encore \u00e0 Dresde \u2013 dont la somptueuse Frauen Kirche, joyau baroque du XVII\u00e8me si\u00e8cle \u2013 t\u00e9moigne de sa compl\u00e8te renaissance.<\/p>\n<p><img loading=\"lazy\" decoding=\"async\" aria-describedby=\"caption-attachment-166381\" class=\"wp-image-166381 size-full\" src=\"data:image\/svg+xml,%3Csvg%20xmlns=\" http:=\"\" alt=\"\" width=\"900\" height=\"851\" data-lazy- data-lazy- data-lazy-src=\"https:\/\/www.europesays.com\/fr\/wp-content\/uploads\/2025\/11\/Rue-de-Brest-Lyon.jpg\"\/><\/p>\n<p id=\"caption-attachment-166381\" class=\"wp-caption-text\">La rue de Brest, en fin de matin\u00e9e, le 18 ao\u00fbt 2025<\/p>\n<p>Vingt ans apr\u00e8s ma derni\u00e8re visite avec l\u2019ami <strong>Jean-Phi<\/strong>, quelle joie de red\u00e9couvrir ces cit\u00e9s d\u00e9barrass\u00e9es du fant\u00f4me sovi\u00e9tique, leur beaut\u00e9 ayant \u00e9t\u00e9 amput\u00e9e et leur vie souill\u00e9e pendant les 45 ans de la dictature communiste. Partout, on circule ais\u00e9ment sans oukases, sans conflit d\u2019usage et sans contraintes.<\/p>\n<p><strong>-4 % d\u2019occupation h\u00f4teli\u00e8re en juillet, et pire \u20137,9 % en ao\u00fbt.<\/strong><\/p>\n<p>Pierre Chambon a sorti son st\u00e9thoscope : \u00ab Peu de Lyonnais c\u2019est compr\u00e9hensible (surtout dans le contexte actuel), mais si peu de touristes, c\u2019est inqui\u00e9tant. Depuis 15 ans, nous nous sommes habitu\u00e9s \u00e0 une ville dynamique, m\u00eame au mois d\u2019ao\u00fbt \u00bb. Les chiffres de la fr\u00e9quentation estivale, publi\u00e9s par MKG d\u00e9but octobre, confirment cette d\u00e9gringolade.<\/p>\n<p><img loading=\"lazy\" decoding=\"async\" aria-describedby=\"caption-attachment-166410\" class=\"wp-image-166410\" src=\"data:image\/svg+xml,%3Csvg%20xmlns=\" http:=\"\" alt=\"\" width=\"884\" height=\"366\" data-lazy- data-lazy- data-lazy-src=\"https:\/\/www.europesays.com\/fr\/wp-content\/uploads\/2025\/11\/TO-Hotels-Lyon-08.2025-MKG.jpg\"\/><\/p>\n<p id=\"caption-attachment-166410\" class=\"wp-caption-text\">Le barom\u00e8tre mensuel de l\u2019activit\u00e9 h\u00f4teli\u00e8re et para-h\u00f4teli\u00e8re \u00e9tabli par MKG<\/p>\n<p>En 2025, Lyon accuse un taux d\u2019occupation en baisse 5 mois sur 8, une fr\u00e9quentation de l\u2019Office de Tourisme en recul 8 mois sur 8, et celle des mus\u00e9es 7 mois sur 8. Le revenu par chambre (RevPAR) est \u00e9galement en baisse dans des proportions inqui\u00e9tantes (-14,5%), selon l\u2019institut MKG (leur \u00e9tude pour la CCI est diffus\u00e9e aux professionnels du secteur).<\/p>\n<p><strong>Quelles sont les causes de ce d\u00e9crochage ?<\/strong><\/p>\n<p>\u00ab\u00a0Depuis 2021, la M\u00e9tropole de Lyon, dirig\u00e9e par un ex\u00e9cutif \u00e9cologiste, a engag\u00e9 une r\u00e9orientation profonde de sa strat\u00e9gie touristique\u2026 L\u2019ambition affich\u00e9e : un tourisme de proximit\u00e9, durable et raisonn\u00e9\u2026 Triste ironie : \u00e0 force de vouloir un tourisme \u201craisonn\u00e9\u201d, Lyon en a presque perdu la raison\u2026 et les visiteurs avec\u00a0\u00bb.<\/p>\n<p>\u00ab C\u2019est finalement le r\u00e9sultat de 5 ans de politique de d\u00e9croissance en termes d\u2019attractivit\u00e9 touristique des \u00e9cologistes ! Les chiffres du tourisme sont catastrophiques (h\u00f4tellerie, culture, restauration \u2026) depuis janvier 2025. Une pens\u00e9e pour nos commer\u00e7ants qui ont fait l\u2019effort de rester ouverts cet \u00e9t\u00e9. \u00bb conclut l\u2019ancien patron de l\u2019\u00e0KGB (haut lieu des nuits lyonnaises au d\u00e9but des ann\u00e9es 2000).<\/p>\n<p><img loading=\"lazy\" decoding=\"async\" aria-describedby=\"caption-attachment-166382\" class=\"wp-image-166382\" src=\"data:image\/svg+xml,%3Csvg%20xmlns=\" http:=\"\" alt=\"\" width=\"900\" height=\"843\" data-lazy- data-lazy- data-lazy-src=\"https:\/\/www.europesays.com\/fr\/wp-content\/uploads\/2025\/11\/Rue-Edouard-Herriot-Lyon.jpg\"\/><\/p>\n<p id=\"caption-attachment-166382\" class=\"wp-caption-text\">La rue Pr\u00e9sident \u00c9douard Herriot, en fin de matin\u00e9e, le 18 ao\u00fbt 2025<\/p>\n<p>Depuis 5 ans, en effet, les \u00e9cologistes n\u2019ont pas seulement pourri la vie des Grands Lyonnais, mais aussi celle de nos visiteurs. A l\u2019heure des r\u00e9seaux sociaux, les vid\u00e9os des blocages ont fait le tour du globe. Au point de d\u00e9goutter touristes de passage et Lyonnais de souche. Quel plaisir \u00e9prouveraient-ils de d\u00e9ambuler au milieu des 30 chantiers comptabilis\u00e9s en presqu\u2019\u00eele\u00a0qu\u2019ils ne peuvent plus traverser en voiture ?<\/p>\n<p>Quel plaisir \u00e9prouveraient-ils de faire une halte quand il faut une heure pour sortir des parkings de Bellecour et de Saint Antoine\u00a0? Sans parler des probl\u00e8mes d\u2019ins\u00e9curit\u00e9. En r\u00e9sum\u00e9, comment les d\u00e9gouter tout simplement de venir \u00e0 Lyon pour le seul b\u00e9n\u00e9fice de quelques cyclopathes\u2026<\/p>\n","protected":false},"excerpt":{"rendered":"La place des Jacobins, en fin de matin\u00e9e, le18 ao\u00fbt 2025 &#8211; Photos Pierre Chambon Texte\u00a0: Marco Polisson&hellip;\n","protected":false},"author":2,"featured_media":508273,"comment_status":"","ping_status":"","sticky":false,"template":"","format":"standard","meta":{"footnotes":""},"categories":[1889],"tags":[4257,1111,11,2430,63001,1777,674,1011,27,2428,12,25],"class_list":{"0":"post-508272","1":"post","2":"type-post","3":"status-publish","4":"format-standard","5":"has-post-thumbnail","7":"category-lyon","8":"tag-0top","9":"tag-actu","10":"tag-actualites","11":"tag-auvergne-rhone-alpes","12":"tag-ete-lyon-2025","13":"tag-eu","14":"tag-europe","15":"tag-fr","16":"tag-france","17":"tag-lyon","18":"tag-news","19":"tag-republique-francaise"},"share_on_mastodon":{"url":"https:\/\/pubeurope.com\/@fr\/115484343099905290","error":""},"_links":{"self":[{"href":"https:\/\/www.europesays.com\/fr\/wp-json\/wp\/v2\/posts\/508272","targetHints":{"allow":["GET"]}}],"collection":[{"href":"https:\/\/www.europesays.com\/fr\/wp-json\/wp\/v2\/posts"}],"about":[{"href":"https:\/\/www.europesays.com\/fr\/wp-json\/wp\/v2\/types\/post"}],"author":[{"embeddable":true,"href":"https:\/\/www.europesays.com\/fr\/wp-json\/wp\/v2\/users\/2"}],"replies":[{"embeddable":true,"href":"https:\/\/www.europesays.com\/fr\/wp-json\/wp\/v2\/comments?post=508272"}],"version-history":[{"count":0,"href":"https:\/\/www.europesays.com\/fr\/wp-json\/wp\/v2\/posts\/508272\/revisions"}],"wp:featuredmedia":[{"embeddable":true,"href":"https:\/\/www.europesays.com\/fr\/wp-json\/wp\/v2\/media\/508273"}],"wp:attachment":[{"href":"https:\/\/www.europesays.com\/fr\/wp-json\/wp\/v2\/media?parent=508272"}],"wp:term":[{"taxonomy":"category","embeddable":true,"href":"https:\/\/www.europesays.com\/fr\/wp-json\/wp\/v2\/categories?post=508272"},{"taxonomy":"post_tag","embeddable":true,"href":"https:\/\/www.europesays.com\/fr\/wp-json\/wp\/v2\/tags?post=508272"}],"curies":[{"name":"wp","href":"https:\/\/api.w.org\/{rel}","templated":true}]}}