{"id":508314,"date":"2025-11-03T06:53:29","date_gmt":"2025-11-03T06:53:29","guid":{"rendered":"https:\/\/www.europesays.com\/fr\/508314\/"},"modified":"2025-11-03T06:53:29","modified_gmt":"2025-11-03T06:53:29","slug":"des-sapeurs-pompiers-se-sont-amuses-a-parodier-le-cambriolage-du-louvre-pour-vendre-leur-calendrier","status":"publish","type":"post","link":"https:\/\/www.europesays.com\/fr\/508314\/","title":{"rendered":"Des sapeurs-pompiers se sont amus\u00e9s \u00e0 parodier le cambriolage du Louvre&#8230; pour vendre leur calendrier"},"content":{"rendered":"<p>\n    Dans une courte vid\u00e9o post\u00e9e sur Facebook, les sapeurs-pompiers du Castelrenaudais se sont amus\u00e9s \u00e0 parodier le cambriolage du Louvre, survenu le 19 octobre dernier.<\/p>\n<p class=\"fig-paragraph\">Apr\u00e8s les nombreuses vid\u00e9os d\u2019internautes s\u2019amusant du cambriolage du Louvre, c\u2019est d\u00e9sormais aux sapeurs-pompiers de s\u2019y mettre. Dans une courte vid\u00e9o partag\u00e9e sur Facebook, les sapeurs-pompiers de la communaut\u00e9 de communes du Castelrenaudais (Centre-Val de Loire) se sont amus\u00e9s \u00e0 imiter ceux qui ont d\u00e9rob\u00e9 pour\u00a0<a href=\"http:\/\/www.lefigaro.fr\/actualite-france\/dossier\/vol-au-louvre-notre-dossier-pour-tout-comprendre\" data-fig-type=\"Topic\" data-gtm-custom-categorie=\"navigation\" data-gtm-custom-action=\"crossclick\" data-gtm-custom-label=\"Contextuel\" data-gtm-event=\"customEventSPE\" data-fig-domain=\"LEFIGARO\" rel=\"nofollow noopener\" target=\"_blank\">88 millions d\u2019euros de bijoux au mus\u00e9e du Louvre, le 19 octobre dernier.<\/a><\/p>\n<p class=\"fig-paragraph\">Munis d\u2019une \u00e9chelle et le visage dissimul\u00e9 sous leurs casques de protection, les faux malfrats se sont introduits \u00abpar effraction\u00bb dans un b\u00e2timent. \u00abIl s\u2019est pass\u00e9 quelque chose au centre de secours du Castelrenaudais\u2026 Mais promis, le calendrier 2026 vous sera tout de m\u00eame propos\u00e9 chez vous\u00bb, annonce la courte l\u00e9gende de la vid\u00e9o.<\/p>\n<p>                                    <a class=\"fig-a11y-skip a11y-hidden\" href=\"#fig-a11y-skip-main-inarticle\"><br \/>\n        Passer la publicit\u00e9<br \/>\n    <\/a><\/p>\n<p class=\"fig-paragraph\">Sur les images, on peut y voir leur butin\u00a0: le fameux calendrier des pompiers gard\u00e9 sous verre, \u00e0 l\u2019image des joyaux expos\u00e9s dans\u00a0<a href=\"https:\/\/video.lefigaro.fr\/figaro\/culture\/a-quoi-ressemble-la-galerie-dapollon-du-musee-du-louvre-visee-par-un-braquage-20251019\" data-fig-type=\"Video\" data-gtm-custom-categorie=\"navigation\" data-gtm-custom-action=\"crossclick\" data-gtm-custom-label=\"Contextuel\" data-gtm-event=\"customEventSPE\" data-fig-domain=\"LEFIGARO\" rel=\"nofollow noopener\" target=\"_blank\">la galerie d\u2019Apollon<\/a>. M\u00eame la\u00a0<a href=\"http:\/\/www.lefigaro.fr\/culture\/cambriolage-au-louvre-une-restauration-est-delicate-mais-possible-lance-laurence-des-cars-a-propos-de-la-couronne-d-eugenie-20251022\" data-fig-type=\"NewsFlash\" data-gtm-custom-categorie=\"navigation\" data-gtm-custom-action=\"crossclick\" data-gtm-custom-label=\"Contextuel\" data-gtm-event=\"customEventSPE\" data-fig-domain=\"LEFIGARO\" rel=\"nofollow noopener\" target=\"_blank\">couronne de l\u2019imp\u00e9ratrice Eug\u00e9nie\u00a0<\/a>rescap\u00e9e du &#8211; r\u00e9el &#8211; cambriolage, est reproduite ; les pompiers ont laiss\u00e9 derri\u00e8re eux l\u2019un des calendriers. Ils se sont ensuite \u00e9chapp\u00e9s\u2026 en trottinette \u00e9lectrique.<\/p>\n<p class=\"fig-paragraph\">Ce samedi,\u00a0<a href=\"http:\/\/www.lefigaro.fr\/faits-divers\/cambriolage-au-louvre-des-suspects-interpelles-mercredi-soir-deferes-20251101\" target=\"_blank\" data-fig-type=\"NewsFlash\" rel=\"noopener nofollow\" data-gtm-custom-categorie=\"navigation\" data-gtm-custom-action=\"crossclick\" data-gtm-custom-label=\"Contextuel\" data-gtm-event=\"customEventSPE\" data-fig-domain=\"LEFIGARO\">deux personnes sur les cinq interpell\u00e9es mercredi soir dans l\u2019enqu\u00eate sur le casse du Louvre ont \u00e9t\u00e9 mises en examen samedi<\/a>, tandis que trois ont \u00e9t\u00e9 remises en libert\u00e9, a appris l\u2019AFP de sources polici\u00e8re et proche du dossier.<\/p>\n","protected":false},"excerpt":{"rendered":"Dans une courte vid\u00e9o post\u00e9e sur Facebook, les sapeurs-pompiers du Castelrenaudais se sont amus\u00e9s \u00e0 parodier le cambriolage&hellip;\n","protected":false},"author":2,"featured_media":508315,"comment_status":"","ping_status":"","sticky":false,"template":"","format":"standard","meta":{"footnotes":""},"categories":[1358],"tags":[1348,1384,1385,1174,1386,58,59,1011,27,11274,1311],"class_list":{"0":"post-508314","1":"post","2":"type-post","3":"status-publish","4":"format-standard","5":"has-post-thumbnail","7":"category-arts-et-design","8":"tag-arts","9":"tag-arts-and-design","10":"tag-arts-et-design","11":"tag-cambriolage","12":"tag-design","13":"tag-divertissement","14":"tag-entertainment","15":"tag-fr","16":"tag-france","17":"tag-louvre","18":"tag-pompiers"},"share_on_mastodon":{"url":"https:\/\/pubeurope.com\/@fr\/115484452640858197","error":""},"_links":{"self":[{"href":"https:\/\/www.europesays.com\/fr\/wp-json\/wp\/v2\/posts\/508314","targetHints":{"allow":["GET"]}}],"collection":[{"href":"https:\/\/www.europesays.com\/fr\/wp-json\/wp\/v2\/posts"}],"about":[{"href":"https:\/\/www.europesays.com\/fr\/wp-json\/wp\/v2\/types\/post"}],"author":[{"embeddable":true,"href":"https:\/\/www.europesays.com\/fr\/wp-json\/wp\/v2\/users\/2"}],"replies":[{"embeddable":true,"href":"https:\/\/www.europesays.com\/fr\/wp-json\/wp\/v2\/comments?post=508314"}],"version-history":[{"count":0,"href":"https:\/\/www.europesays.com\/fr\/wp-json\/wp\/v2\/posts\/508314\/revisions"}],"wp:featuredmedia":[{"embeddable":true,"href":"https:\/\/www.europesays.com\/fr\/wp-json\/wp\/v2\/media\/508315"}],"wp:attachment":[{"href":"https:\/\/www.europesays.com\/fr\/wp-json\/wp\/v2\/media?parent=508314"}],"wp:term":[{"taxonomy":"category","embeddable":true,"href":"https:\/\/www.europesays.com\/fr\/wp-json\/wp\/v2\/categories?post=508314"},{"taxonomy":"post_tag","embeddable":true,"href":"https:\/\/www.europesays.com\/fr\/wp-json\/wp\/v2\/tags?post=508314"}],"curies":[{"name":"wp","href":"https:\/\/api.w.org\/{rel}","templated":true}]}}