{"id":508365,"date":"2025-11-03T07:23:26","date_gmt":"2025-11-03T07:23:26","guid":{"rendered":"https:\/\/www.europesays.com\/fr\/508365\/"},"modified":"2025-11-03T07:23:26","modified_gmt":"2025-11-03T07:23:26","slug":"nice-menaces-soupcons-de-logements-pieges-des-demineurs-mobilises-pour-une-operation","status":"publish","type":"post","link":"https:\/\/www.europesays.com\/fr\/508365\/","title":{"rendered":"Nice\u00a0: menaces, soup\u00e7ons de logements pi\u00e9g\u00e9s\u2026 Des d\u00e9mineurs mobilis\u00e9s pour une op\u00e9ration"},"content":{"rendered":"<p>Une expulsion d\u2019ampleur \u00e9tait programm\u00e9e lundi 27\u00a0octobre 2025 \u00e0 <a href=\"https:\/\/www.ouest-france.fr\/provence-alpes-cote-dazur\/nice-06000\/\" target=\"_blank\" rel=\"nofollow noopener\">Nice<\/a> (Alpes-Maritimes). Elle s\u2019est d\u00e9roul\u00e9e dans un immeuble occup\u00e9 par une quinzaine de locataires en cessation de paiements, <a href=\"https:\/\/www.nicematin.com\/societe\/vie-locale\/tags-appartement-piege-demineurs-sur-place-deux-interpellations-ce-que-l-on-sait-sur-la-difficile-evacuation-d-un-squat-ce-lundi-a-nice-10654268\" target=\"_blank\" rel=\"nofollow noopener\">rapporte Nice-Matin <\/a>. Un avis d\u2019expulsion dress\u00e9 par un huissier avait \u00e9t\u00e9 placard\u00e9 dans les couloirs, demandant aux occupants de quitter les lieux sous 15\u00a0jours.<\/p>\n<p>Un p\u00e9rim\u00e8tre de s\u00e9curit\u00e9 a \u00e9t\u00e9 mis en place apr\u00e8s la d\u00e9couverte de tags indiquant que certains appartements \u00e9taient pi\u00e9g\u00e9s. L\u2019important dispositif policier a \u00e9galement \u00e9t\u00e9 d\u00e9ploy\u00e9 en raison des menaces de mort re\u00e7ues par l\u2019huissier charg\u00e9 de l\u2019\u00e9vacuation de l\u2019immeuble et le propri\u00e9taire, explique le quotidien local.<\/p>\n<p>\n                Nous avons bloqu\u00e9 l\u2019affichage de ce contenu pour respecter vos choix en mati\u00e8re de cookies.<br \/>En cliquant sur \u00abConsulter\u00bb, vous acceptez le d\u00e9p\u00f4t de cookies par des services de r\u00e9seaux sociaux tels que Twitter.<br \/>\n                Consulter\n            <\/p>\n<blockquote class=\"twitter-tweet\" wp_automatic_readability=\"8.0564516129032\">\n<p lang=\"fr\" dir=\"ltr\">Merci aux policiers municipaux et nationaux pour leur intervention lors d\u2019une op\u00e9ration d\u2019expulsion dans un squat regroupant une quinzaine de logements.<br \/>Une affiche \u00ab appartement pi\u00e9g\u00e9 \u00bb appos\u00e9e \u00e0 l\u2019entr\u00e9e a n\u00e9cessit\u00e9 l\u2019intervention des d\u00e9mineurs, mobilis\u00e9s par pr\u00e9caution.<br \/>Au\u2026 <a href=\"https:\/\/t.co\/VloxGc8ASu\" rel=\"nofollow\">https:\/\/t.co\/VloxGc8ASu<\/a><\/p>\n<p>\u2014 Christian Estrosi (@cestrosi) <a href=\"https:\/\/twitter.com\/cestrosi\/status\/1982801697358414114?ref_src=twsrc%5Etfw\" rel=\"nofollow noopener\" target=\"_blank\">October 27, 2025<\/a><\/p><\/blockquote>\n<p>Deux personnes interpell\u00e9es<\/p>\n<p>Des d\u00e9mineurs ont \u00e9t\u00e9 sollicit\u00e9s, mais aucun pi\u00e8ge n\u2019a finalement \u00e9t\u00e9 d\u00e9couvert apr\u00e8s l\u2019ouverture des appartements. <strong>\u00ab\u00a0C\u2019\u00e9taient des logements pourris. Mais allez retrouver un appartement au m\u00eame prix \u00e0 Nice\u00a0! Sachant que les logements sociaux sont tous complets\u00a0\u00bb<\/strong>, a d\u00e9clar\u00e9 un ami des locataires \u00e0 Nice-Matin. Il a ajout\u00e9 que ces derniers \u00e9taient des personnes \u00e2g\u00e9es, touchant de petites retraites.<\/p>\n<p>Sur son compte X le maire de Nice, Christian Estrosi, a indiqu\u00e9 qu\u2019<strong>\u00ab\u00a0au total, huit personnes ont \u00e9t\u00e9 \u00e9vacu\u00e9es et deux interpell\u00e9es pour outrage et menaces de mort\u00a0\u00bb<\/strong>, <a href=\"https:\/\/www.lefigaro.fr\/nice\/ne-pas-entrer-appartement-piege-a-nice-les-demineurs-appeles-en-renfort-au-cours-d-une-expulsion-20251028\" target=\"_blank\" rel=\"nofollow noopener\">relaie Le Figaro <\/a>. L\u2019\u00e9dile a \u00e9galement remerci\u00e9 les policiers municipaux et nationaux <strong>\u00ab\u00a0pour leur intervention lors d\u2019une op\u00e9ration d\u2019expulsion dans un squat regroupant une quinzaine de logements\u00a0\u00bb<\/strong>.<\/p>\n<p>\u00a0<\/p>\n<p>\t\t<script async src=\"https:\/\/platform.twitter.com\/widgets.js\" charset=\"utf-8\"><\/script><\/p>\n","protected":false},"excerpt":{"rendered":"Une expulsion d\u2019ampleur \u00e9tait programm\u00e9e lundi 27\u00a0octobre 2025 \u00e0 Nice (Alpes-Maritimes). Elle s\u2019est d\u00e9roul\u00e9e dans un immeuble occup\u00e9&hellip;\n","protected":false},"author":2,"featured_media":508366,"comment_status":"","ping_status":"","sticky":false,"template":"","format":"standard","meta":{"footnotes":""},"categories":[2819],"tags":[1111,11,15975,1777,674,5219,1011,27,10623,2846,2824,17479,12,2401,1476,41987,882,25,3213,28814,10624],"class_list":{"0":"post-508365","1":"post","2":"type-post","3":"status-publish","4":"format-standard","5":"has-post-thumbnail","7":"category-nice","8":"tag-actu","9":"tag-actualites","10":"tag-demineurs","11":"tag-eu","12":"tag-europe","13":"tag-expulsion","14":"tag-fr","15":"tag-france","16":"tag-golfe","17":"tag-logements","18":"tag-menaces","19":"tag-mobilises","20":"tag-news","21":"tag-nice","22":"tag-operation","23":"tag-pieges","24":"tag-provence-alpes-cote-dazur","25":"tag-republique-francaise","26":"tag-saint","27":"tag-soupcons","28":"tag-tropez"},"share_on_mastodon":{"url":"https:\/\/pubeurope.com\/@fr\/115484570823877013","error":""},"_links":{"self":[{"href":"https:\/\/www.europesays.com\/fr\/wp-json\/wp\/v2\/posts\/508365","targetHints":{"allow":["GET"]}}],"collection":[{"href":"https:\/\/www.europesays.com\/fr\/wp-json\/wp\/v2\/posts"}],"about":[{"href":"https:\/\/www.europesays.com\/fr\/wp-json\/wp\/v2\/types\/post"}],"author":[{"embeddable":true,"href":"https:\/\/www.europesays.com\/fr\/wp-json\/wp\/v2\/users\/2"}],"replies":[{"embeddable":true,"href":"https:\/\/www.europesays.com\/fr\/wp-json\/wp\/v2\/comments?post=508365"}],"version-history":[{"count":0,"href":"https:\/\/www.europesays.com\/fr\/wp-json\/wp\/v2\/posts\/508365\/revisions"}],"wp:featuredmedia":[{"embeddable":true,"href":"https:\/\/www.europesays.com\/fr\/wp-json\/wp\/v2\/media\/508366"}],"wp:attachment":[{"href":"https:\/\/www.europesays.com\/fr\/wp-json\/wp\/v2\/media?parent=508365"}],"wp:term":[{"taxonomy":"category","embeddable":true,"href":"https:\/\/www.europesays.com\/fr\/wp-json\/wp\/v2\/categories?post=508365"},{"taxonomy":"post_tag","embeddable":true,"href":"https:\/\/www.europesays.com\/fr\/wp-json\/wp\/v2\/tags?post=508365"}],"curies":[{"name":"wp","href":"https:\/\/api.w.org\/{rel}","templated":true}]}}