{"id":508390,"date":"2025-11-03T07:36:21","date_gmt":"2025-11-03T07:36:21","guid":{"rendered":"https:\/\/www.europesays.com\/fr\/508390\/"},"modified":"2025-11-03T07:36:21","modified_gmt":"2025-11-03T07:36:21","slug":"la-caisse-de-lalimentation-de-lyon-8e-aide-a-mieux-manger","status":"publish","type":"post","link":"https:\/\/www.europesays.com\/fr\/508390\/","title":{"rendered":"La caisse de l\u2019alimentation de Lyon 8e aide \u00e0 mieux manger"},"content":{"rendered":"<p>En 2019, la M\u00e9tropole de Lyon affirmait qu\u2019<strong>un tiers des habitants d\u00e9claraient ne pas avoir les moyens de s\u2019alimenter correctement, notamment en produits frais<\/strong>. Face \u00e0 ce constat, l\u2019association <strong><a href=\"https:\/\/tav-lyon.xyz\/?PagePrincipale\" target=\"_blank\" rel=\"noreferrer noopener\">Territoires \u00e0 VivreS Grand Lyon<\/a><\/strong> s\u2019est lanc\u00e9e dans l\u2019exp\u00e9rimentation d\u2019une <strong><a href=\"https:\/\/tav-lyon.xyz\/?D%C3%A9mocratiealimentaire8\" target=\"_blank\" rel=\"noreferrer noopener\">caisse de l\u2019alimentation<\/a> sur le territoire du 8\u1d49 arrondissement<\/strong> pour un an.<\/p>\n<p>Avec le soutien de la <strong>M\u00e9tropole du Grand Lyon<\/strong> et du <strong>Fonds Mieux Manger Pour Tous<\/strong>, cette caisse met en avant un <a href=\"https:\/\/www.airzen.fr\/ecologie\/consommer-responsable\/\" target=\"_blank\" rel=\"noopener\">syst\u00e8me alimentaire plus solidaire et durable<\/a>.<\/p>\n<p><img fetchpriority=\"high\" decoding=\"async\" width=\"1024\" height=\"711\" data-id=\"265797\" src=\"https:\/\/www.europesays.com\/fr\/wp-content\/uploads\/2025\/11\/lyon-la-caisse-de-lalimentation-de-lyon-8e-aide-a-mieux-manger-1-1024x711.jpg\" alt=\"Lyon\u00a0: La caisse de l\u2019alimentation de Lyon 8e aide \u00e0 mieux manger\" class=\"wp-image-265797\"  \/>Recr\u00e9er du lien entre les consommateurs et les producteurs \u2013 Martin Mothe<\/p>\n<p><img loading=\"lazy\" decoding=\"async\" width=\"1024\" height=\"768\" data-id=\"265796\" src=\"https:\/\/www.europesays.com\/fr\/wp-content\/uploads\/2025\/11\/lyon-la-caisse-de-lalimentation-de-lyon-8e-aide-a-mieux-manger-1024x768.jpg\" alt=\"Lyon\u00a0: La caisse de l\u2019alimentation de Lyon 8e aide \u00e0 mieux manger\" class=\"wp-image-265796\"  \/>Une session avec les habitants participant \u00e0 la caisse de l\u2019alimentation \u2013 Territoires \u00e0 VivreS Grand Lyon<\/p>\n<p>Cette caisse de l\u2019alimentation s\u2019appuie sur <strong>la participation des habitants qui se r\u00e9unissent r\u00e9guli\u00e8rement pour faire \u00e9voluer le projet<\/strong>. Chaque mois, les exp\u00e9rimentateurs <strong>cotisent \u00e0 la caisse en fonction de leurs moyens<\/strong>. Ils b\u00e9n\u00e9ficient ensuite d\u2019un <strong>montant \u00e0 d\u00e9penser dans des lieux d\u2019achats alimentaires, pour la plupart <a href=\"https:\/\/www.airzen.fr\/bien-etre\/nutrition\/\" target=\"_blank\" rel=\"noopener\">bio<\/a> et durables<\/strong>. Aujourd\u2019hui, <strong>140 foyers ont souscrit \u00e0 cette caisse<\/strong>, dont plus de la moiti\u00e9 sont sous le seuil de pauvret\u00e9.<\/p>\n<p>Retrouvez ici la <strong>campagne de dons de cette caisse de l\u2019alimentation du 8\u1d49 arrondissement de Lyon : <\/strong><a href=\"https:\/\/www.helloasso.com\/associations\/territoires-a-vivres-grand-lyon\/collectes\/cali\" target=\"_blank\" rel=\"noreferrer noopener\">CALIM8: vers une S\u00e9curit\u00e9 Sociale de l\u2019Alimentation \u00e0 Lyon 8<\/a>.<\/p>\n","protected":false},"excerpt":{"rendered":"En 2019, la M\u00e9tropole de Lyon affirmait qu\u2019un tiers des habitants d\u00e9claraient ne pas avoir les moyens de&hellip;\n","protected":false},"author":2,"featured_media":508391,"comment_status":"","ping_status":"","sticky":false,"template":"","format":"standard","meta":{"footnotes":""},"categories":[1889],"tags":[1111,11,4077,2430,1777,674,1011,27,63019,2428,8265,12,25],"class_list":{"0":"post-508390","1":"post","2":"type-post","3":"status-publish","4":"format-standard","5":"has-post-thumbnail","7":"category-lyon","8":"tag-actu","9":"tag-actualites","10":"tag-association","11":"tag-auvergne-rhone-alpes","12":"tag-eu","13":"tag-europe","14":"tag-fr","15":"tag-france","16":"tag-la-bio-de-a-a-z-avec-lea-nature","17":"tag-lyon","18":"tag-mieux-consommer","19":"tag-news","20":"tag-republique-francaise"},"share_on_mastodon":{"url":"https:\/\/pubeurope.com\/@fr\/115484622044588860","error":""},"_links":{"self":[{"href":"https:\/\/www.europesays.com\/fr\/wp-json\/wp\/v2\/posts\/508390","targetHints":{"allow":["GET"]}}],"collection":[{"href":"https:\/\/www.europesays.com\/fr\/wp-json\/wp\/v2\/posts"}],"about":[{"href":"https:\/\/www.europesays.com\/fr\/wp-json\/wp\/v2\/types\/post"}],"author":[{"embeddable":true,"href":"https:\/\/www.europesays.com\/fr\/wp-json\/wp\/v2\/users\/2"}],"replies":[{"embeddable":true,"href":"https:\/\/www.europesays.com\/fr\/wp-json\/wp\/v2\/comments?post=508390"}],"version-history":[{"count":0,"href":"https:\/\/www.europesays.com\/fr\/wp-json\/wp\/v2\/posts\/508390\/revisions"}],"wp:featuredmedia":[{"embeddable":true,"href":"https:\/\/www.europesays.com\/fr\/wp-json\/wp\/v2\/media\/508391"}],"wp:attachment":[{"href":"https:\/\/www.europesays.com\/fr\/wp-json\/wp\/v2\/media?parent=508390"}],"wp:term":[{"taxonomy":"category","embeddable":true,"href":"https:\/\/www.europesays.com\/fr\/wp-json\/wp\/v2\/categories?post=508390"},{"taxonomy":"post_tag","embeddable":true,"href":"https:\/\/www.europesays.com\/fr\/wp-json\/wp\/v2\/tags?post=508390"}],"curies":[{"name":"wp","href":"https:\/\/api.w.org\/{rel}","templated":true}]}}