{"id":508400,"date":"2025-11-03T07:42:11","date_gmt":"2025-11-03T07:42:11","guid":{"rendered":"https:\/\/www.europesays.com\/fr\/508400\/"},"modified":"2025-11-03T07:42:11","modified_gmt":"2025-11-03T07:42:11","slug":"sncf-incendie-en-gare-dinvalides-a-paris-la-circulation-perturbee-sur-le-rer-c","status":"publish","type":"post","link":"https:\/\/www.europesays.com\/fr\/508400\/","title":{"rendered":"SNCF. Incendie en gare d&rsquo;Invalides \u00e0 Paris, la circulation perturb\u00e9e sur le RER C"},"content":{"rendered":"<p>            Par<br \/>\n        <strong><br \/>\n            <a href=\"https:\/\/actu.fr\/auteur\/redaction-paris\" title=\"Consulter tous les articles de R\u00e9daction Paris\" target=\"_blank\" rel=\"noopener\">R\u00e9daction Paris<\/a><br \/>\n        <\/strong><\/p>\n<p>        Publi\u00e9 le<\/p>\n<p>            3 nov. 2025 \u00e0 8h29        <\/p>\n<p>\u00ab\u00a0Les conditions pour assurer la desserte des voyageurs en toute s\u00e9curit\u00e9 ne sont pas r\u00e9unies\u00a0\u00bb, annonce la <a href=\"https:\/\/actu.fr\/tag\/sncf\" target=\"_blank\" rel=\"noopener\">SNCF<\/a> sur X ce lundi 3 novembre 2025, au lendemain d\u2019un <a href=\"https:\/\/actu.fr\/tag\/incendie\" target=\"_blank\" rel=\"noopener\">incendie<\/a> survenu dans la <strong>gare d\u2019Invalides<\/strong> sur le <a href=\"https:\/\/actu.fr\/tag\/rer-c\" target=\"_blank\" rel=\"noopener\">RER C<\/a>.<\/p>\n<p>Des perturbations depuis dimanche midi<\/p>\n<p class=\" wall-content\">L\u2019arr\u00eat n\u2019est toujours pas desservi et devrait rester ferm\u00e9 <strong>jusqu\u2019\u00e0 10 heures<\/strong>, fait savoir l\u2019entreprise ferroviaire sur X. \u00ab\u00a0La gare d\u2019Invalides n\u2019est pas desservie. Motif : incendie du 2 novembre dans un local technique en gare d\u2019Invalides (incident termin\u00e9).\u00a0\u00bb<\/p>\n<p class=\" wall-content\">\n<p class=\" wall-content\">L\u2019incendie, qui serait d\u2019origine \u00e9lectrique, aurait eu lieu en <strong>milieu de journ\u00e9e<\/strong>. Une cinquantaine de <a href=\"https:\/\/actu.fr\/tag\/pompiers\" target=\"_blank\" rel=\"noopener\">sapeurs-pompiers<\/a> de Paris ont \u00e9t\u00e9 mobilis\u00e9s, a appris actu aupr\u00e8s de la <a href=\"https:\/\/actu.fr\/tag\/brigade-de-sapeurs-pompiers-de-paris\" target=\"_blank\" rel=\"noopener\">BSPP<\/a>. Aucun bless\u00e9 n\u2019est \u00e0 d\u00e9plorer.\u00a0<\/p>\n<p class=\" wall-content\">Un premier message informant de perturbations a \u00e9t\u00e9 diffus\u00e9 par la SNCF aux alentours de <strong>midi<\/strong>. L\u2019heure de reprise \u00e9tait alors estim\u00e9e \u00e0 13h30, avant d\u2019\u00eatre repouss\u00e9e \u00e0 14h30, puis \u00e0 15 heures.\u00a0<\/p>\n<p class=\" wall-content\">Personnalisez votre actualit\u00e9 en ajoutant vos villes et m\u00e9dias en favori avec <a href=\"https:\/\/moncompte.actu.fr\" title=\"D\u00e9couvez Mon Actu\" rel=\"nofollow noopener\" data-trk=\"{&quot;cta&quot;:{&quot;action&quot;:&quot;https:\\\/\\\/moncompte.actu.fr&quot;,&quot;category&quot;:&quot;mon compte&quot;,&quot;from&quot;:&quot;article footer&quot;,&quot;name&quot;:&quot;Mon actu&quot;,&quot;type&quot;:&quot;cta&quot;}}\" target=\"_blank\">Mon Actu<\/a>.<\/p>\n","protected":false},"excerpt":{"rendered":"Par R\u00e9daction Paris Publi\u00e9 le 3 nov. 2025 \u00e0 8h29 \u00ab\u00a0Les conditions pour assurer la desserte des voyageurs&hellip;\n","protected":false},"author":2,"featured_media":508401,"comment_status":"","ping_status":"","sticky":false,"template":"","format":"standard","meta":{"footnotes":""},"categories":[1888],"tags":[11,1777,674,1011,27,1310,12,626,25,6561,2215,104],"class_list":{"0":"post-508400","1":"post","2":"type-post","3":"status-publish","4":"format-standard","5":"has-post-thumbnail","7":"category-paris","8":"tag-actualites","9":"tag-eu","10":"tag-europe","11":"tag-fr","12":"tag-france","13":"tag-incendie","14":"tag-news","15":"tag-paris","16":"tag-republique-francaise","17":"tag-rer-c","18":"tag-sncf","19":"tag-societe"},"share_on_mastodon":{"url":"https:\/\/pubeurope.com\/@fr\/115484645377373648","error":""},"_links":{"self":[{"href":"https:\/\/www.europesays.com\/fr\/wp-json\/wp\/v2\/posts\/508400","targetHints":{"allow":["GET"]}}],"collection":[{"href":"https:\/\/www.europesays.com\/fr\/wp-json\/wp\/v2\/posts"}],"about":[{"href":"https:\/\/www.europesays.com\/fr\/wp-json\/wp\/v2\/types\/post"}],"author":[{"embeddable":true,"href":"https:\/\/www.europesays.com\/fr\/wp-json\/wp\/v2\/users\/2"}],"replies":[{"embeddable":true,"href":"https:\/\/www.europesays.com\/fr\/wp-json\/wp\/v2\/comments?post=508400"}],"version-history":[{"count":0,"href":"https:\/\/www.europesays.com\/fr\/wp-json\/wp\/v2\/posts\/508400\/revisions"}],"wp:featuredmedia":[{"embeddable":true,"href":"https:\/\/www.europesays.com\/fr\/wp-json\/wp\/v2\/media\/508401"}],"wp:attachment":[{"href":"https:\/\/www.europesays.com\/fr\/wp-json\/wp\/v2\/media?parent=508400"}],"wp:term":[{"taxonomy":"category","embeddable":true,"href":"https:\/\/www.europesays.com\/fr\/wp-json\/wp\/v2\/categories?post=508400"},{"taxonomy":"post_tag","embeddable":true,"href":"https:\/\/www.europesays.com\/fr\/wp-json\/wp\/v2\/tags?post=508400"}],"curies":[{"name":"wp","href":"https:\/\/api.w.org\/{rel}","templated":true}]}}