{"id":508410,"date":"2025-11-03T07:47:14","date_gmt":"2025-11-03T07:47:14","guid":{"rendered":"https:\/\/www.europesays.com\/fr\/508410\/"},"modified":"2025-11-03T07:47:14","modified_gmt":"2025-11-03T07:47:14","slug":"allemagne-une-ville-touchee-par-un-survol-de-drones-le-trafic-aerien-est-suspendu-dans-un-aeroport","status":"publish","type":"post","link":"https:\/\/www.europesays.com\/fr\/508410\/","title":{"rendered":"Allemagne : une ville touch\u00e9e par un survol de drones, le trafic a\u00e9rien est suspendu dans un a\u00e9roport"},"content":{"rendered":"<p class=\"ap-StoryElement ap-StoryElement--mb ap-StoryText\">Selon la police, le pilote du drone n&rsquo;a pas \u00e9t\u00e9 identifi\u00e9.<\/p>\n<p class=\"ap-StoryElement ap-StoryElement--mb ap-StoryText\">Vendredi soir, les vols ont \u00e9t\u00e9 suspendus pendant pr\u00e8s de deux heures \u00e0 l&rsquo;a\u00e9roport de Berlin-Brandebourg \u00e0 cause de la pr\u00e9sence de drones.<\/p>\n<p class=\"ap-StoryElement ap-StoryElement--mb ap-StoryText\">D\u00e9but octobre, l&rsquo;a\u00e9roport de Munich, le deuxi\u00e8me d&rsquo;Allemagne, avait d\u00e9j\u00e0 d\u00fb interrompre plusieurs heures ses op\u00e9rations pour la m\u00eame raison.<\/p>\n<p class=\"ap-StoryElement ap-StoryElement--mb ap-StoryText\">Les autorit\u00e9s allemandes ont \u00e0 plusieurs reprises mis en garde contre la menace croissante pos\u00e9e par les drones, apr\u00e8s une s\u00e9rie d&rsquo;incursions d&rsquo;appareils non identifi\u00e9s dans des a\u00e9roports et sites militaires cette ann\u00e9e.<\/p>\n<p class=\"ap-StoryElement ap-StoryElement--mb ap-StoryText\">Berlin, l&rsquo;un des principaux soutiens de l&rsquo;Ukraine face \u00e0 la Russie, soup\u00e7onne Moscou d&rsquo;\u00eatre \u00e0 l&rsquo;origine de certaines de ces activit\u00e9s.<\/p>\n<p class=\"ap-StoryElement ap-StoryElement--mb ap-StoryText\">Ces derniers mois, plusieurs survols de drones ont \u00e9t\u00e9 signal\u00e9s au-dessus de bases militaires, de sites industriels et d&rsquo;infrastructures critiques, en Allemagne comme dans d&rsquo;autres pays de l&rsquo;Union europ\u00e9enne comme la Norv\u00e8ge ou encore ces derniers jours la Belgique.<\/p>\n","protected":false},"excerpt":{"rendered":"Selon la police, le pilote du drone n&rsquo;a pas \u00e9t\u00e9 identifi\u00e9. Vendredi soir, les vols ont \u00e9t\u00e9 suspendus&hellip;\n","protected":false},"author":2,"featured_media":508411,"comment_status":"","ping_status":"","sticky":false,"template":"","format":"standard","meta":{"footnotes":""},"categories":[1587],"tags":[11,296,672,1804,1805,1803,1777,674,1801,12,1072,1802,656,2803],"class_list":{"0":"post-508410","1":"post","2":"type-post","3":"status-publish","4":"format-standard","5":"has-post-thumbnail","7":"category-allemagne","8":"tag-actualites","9":"tag-aeronautique","10":"tag-allemagne","11":"tag-bundesrepublik-deutschland","12":"tag-de","13":"tag-deutschland","14":"tag-eu","15":"tag-europe","16":"tag-germany","17":"tag-news","18":"tag-police","19":"tag-republique-federale-dallemagne","20":"tag-securite","21":"tag-transport"},"share_on_mastodon":{"url":"https:\/\/pubeurope.com\/@fr\/115484664998648322","error":""},"_links":{"self":[{"href":"https:\/\/www.europesays.com\/fr\/wp-json\/wp\/v2\/posts\/508410","targetHints":{"allow":["GET"]}}],"collection":[{"href":"https:\/\/www.europesays.com\/fr\/wp-json\/wp\/v2\/posts"}],"about":[{"href":"https:\/\/www.europesays.com\/fr\/wp-json\/wp\/v2\/types\/post"}],"author":[{"embeddable":true,"href":"https:\/\/www.europesays.com\/fr\/wp-json\/wp\/v2\/users\/2"}],"replies":[{"embeddable":true,"href":"https:\/\/www.europesays.com\/fr\/wp-json\/wp\/v2\/comments?post=508410"}],"version-history":[{"count":0,"href":"https:\/\/www.europesays.com\/fr\/wp-json\/wp\/v2\/posts\/508410\/revisions"}],"wp:featuredmedia":[{"embeddable":true,"href":"https:\/\/www.europesays.com\/fr\/wp-json\/wp\/v2\/media\/508411"}],"wp:attachment":[{"href":"https:\/\/www.europesays.com\/fr\/wp-json\/wp\/v2\/media?parent=508410"}],"wp:term":[{"taxonomy":"category","embeddable":true,"href":"https:\/\/www.europesays.com\/fr\/wp-json\/wp\/v2\/categories?post=508410"},{"taxonomy":"post_tag","embeddable":true,"href":"https:\/\/www.europesays.com\/fr\/wp-json\/wp\/v2\/tags?post=508410"}],"curies":[{"name":"wp","href":"https:\/\/api.w.org\/{rel}","templated":true}]}}