{"id":508414,"date":"2025-11-03T07:49:20","date_gmt":"2025-11-03T07:49:20","guid":{"rendered":"https:\/\/www.europesays.com\/fr\/508414\/"},"modified":"2025-11-03T07:49:20","modified_gmt":"2025-11-03T07:49:20","slug":"elargissement-de-lue-pour-un-retrait-du-droit-de-veto-aux-nouveaux-membres","status":"publish","type":"post","link":"https:\/\/www.europesays.com\/fr\/508414\/","title":{"rendered":"\u00c9largissement de l&rsquo;UE\u00a0: pour un retrait du droit de veto aux nouveaux membres\u00a0?"},"content":{"rendered":"<p>\n  Par&amp;nbsp<b>euronews<\/b>\n<\/p>\n<p>\n         Publi\u00e9 le<br \/>\n            03\/11\/2025 &#8211; 6:55 UTC+1\n            <\/p>\n<p>Neuf pays aspirent \u00e0 devenir membres de l&rsquo;UE. Malgr\u00e9 la dynamique politique instaur\u00e9e depuis le d\u00e9but de la guerre en Ukraine, le processus est au point mort du c\u00f4t\u00e9 bruxellois, du moins depuis l&rsquo;\u00e9poque o\u00f9 Jean-Claude Juncker pr\u00e9sidait la Commission europ\u00e9enne.<\/p>\n<p>La Mac\u00e9doine du Nord, depuis 2004, le Mont\u00e9n\u00e9gro et la Serbie, 2008, et l&rsquo;Albanie, depuis 2009, figurent parmi les pays qui attendent depuis le plus longtemps. Une attente bien plus longue que les dix ann\u00e9es qu&rsquo;a connues la Croatie, dernier pays \u00e0 avoir rejoint l&rsquo;UE. <\/p>\n<p>Mais, depuis, les \u00c9tats membres se montrent beaucoup plus prudents.<\/p>\n<p>\u00ab L&rsquo;adh\u00e9sion exige bien plus de conditions. Il faut respecter de nombreuses r\u00e8gles, garantir l&rsquo;\u00e9tat de droit, transposer le droit de l&rsquo;UE en droit national et se conformer \u00e0 un certain nombre de crit\u00e8res qui n&rsquo;existaient pas il y a encore peu de temps. La situation g\u00e9opolitique est \u00e9galement bien plus complexe \u00bb, explique <strong>\u00e0 euronews<\/strong> Teona Lavrelashvili, chercheuse au Centre Wilfried Martens d&rsquo;\u00e9tudes europ\u00e9ennes, un groupe de r\u00e9flexion affili\u00e9 au Parti populaire europ\u00e9en. <\/p>\n<p>Le principal obstacle r\u00e9side dans le fait que la plupart des d\u00e9cisions relatives \u00e0 l&rsquo;adh\u00e9sion doivent \u00eatre prises \u00e0 l&rsquo;unanimit\u00e9 par les \u00c9tats membres. Ainsi, la simple opposition d&rsquo;un seul pays peut bloquer le processus pendant des ann\u00e9es. <\/p>\n<p>La Turquie d\u00e9tient le record, ayant d\u00e9pos\u00e9 sa candidature il y a 38 ans, mais son adh\u00e9sion dans un avenir proche est improbable. <\/p>\n<p>Une solution pour sortir de l&rsquo;impasse a \u00e9merg\u00e9 au sein de l&rsquo;UE : certains proposent que les nouveaux \u00c9tats membres n&rsquo;obtiennent pas un statut de membre \u00e0 part enti\u00e8re, mais un statut de membre partiel, sans droit de veto. <\/p>\n<p>Cependant, cette proposition n&rsquo;a pas encore \u00e9t\u00e9 examin\u00e9e en d\u00e9tail par les dirigeants des \u00c9tats membres.<\/p>\n","protected":false},"excerpt":{"rendered":"Par&amp;nbspeuronews Publi\u00e9 le 03\/11\/2025 &#8211; 6:55 UTC+1 Neuf pays aspirent \u00e0 devenir membres de l&rsquo;UE. Malgr\u00e9 la dynamique&hellip;\n","protected":false},"author":2,"featured_media":508415,"comment_status":"","ping_status":"","sticky":false,"template":"","format":"standard","meta":{"footnotes":""},"categories":[1586],"tags":[11,6157,1777,674,1779,1011,27,12,25,62372,1778,364],"class_list":{"0":"post-508414","1":"post","2":"type-post","3":"status-publish","4":"format-standard","5":"has-post-thumbnail","7":"category-europe","8":"tag-actualites","9":"tag-elargissement-de-lunion-europeenne","10":"tag-eu","11":"tag-europe","12":"tag-european-union","13":"tag-fr","14":"tag-france","15":"tag-news","16":"tag-republique-francaise","17":"tag-sommet-deuronews-sur-lelargissement-de-lue","18":"tag-ue","19":"tag-union-europeenne"},"share_on_mastodon":{"url":"https:\/\/pubeurope.com\/@fr\/115484673008744164","error":""},"_links":{"self":[{"href":"https:\/\/www.europesays.com\/fr\/wp-json\/wp\/v2\/posts\/508414","targetHints":{"allow":["GET"]}}],"collection":[{"href":"https:\/\/www.europesays.com\/fr\/wp-json\/wp\/v2\/posts"}],"about":[{"href":"https:\/\/www.europesays.com\/fr\/wp-json\/wp\/v2\/types\/post"}],"author":[{"embeddable":true,"href":"https:\/\/www.europesays.com\/fr\/wp-json\/wp\/v2\/users\/2"}],"replies":[{"embeddable":true,"href":"https:\/\/www.europesays.com\/fr\/wp-json\/wp\/v2\/comments?post=508414"}],"version-history":[{"count":0,"href":"https:\/\/www.europesays.com\/fr\/wp-json\/wp\/v2\/posts\/508414\/revisions"}],"wp:featuredmedia":[{"embeddable":true,"href":"https:\/\/www.europesays.com\/fr\/wp-json\/wp\/v2\/media\/508415"}],"wp:attachment":[{"href":"https:\/\/www.europesays.com\/fr\/wp-json\/wp\/v2\/media?parent=508414"}],"wp:term":[{"taxonomy":"category","embeddable":true,"href":"https:\/\/www.europesays.com\/fr\/wp-json\/wp\/v2\/categories?post=508414"},{"taxonomy":"post_tag","embeddable":true,"href":"https:\/\/www.europesays.com\/fr\/wp-json\/wp\/v2\/tags?post=508414"}],"curies":[{"name":"wp","href":"https:\/\/api.w.org\/{rel}","templated":true}]}}