{"id":508420,"date":"2025-11-03T07:52:14","date_gmt":"2025-11-03T07:52:14","guid":{"rendered":"https:\/\/www.europesays.com\/fr\/508420\/"},"modified":"2025-11-03T07:52:14","modified_gmt":"2025-11-03T07:52:14","slug":"jordan-bardella-souhaite-faire-de-la-france-le-pays-le-plus-repressif-deurope","status":"publish","type":"post","link":"https:\/\/www.europesays.com\/fr\/508420\/","title":{"rendered":"Jordan Bardella souhaite faire de la France \u00ab\u00a0le pays le plus r\u00e9pressif d\u2019Europe\u00a0\u00bb"},"content":{"rendered":"<p>Se disant \u00ab\u00a0pro-police\u00a0\u00bb, \u00ab\u00a0pro-forces de l\u2019ordre\u00a0\u00bb et \u00ab\u00a0pro-militaires\u00a0\u00bb, le pr\u00e9sident du Rassemblement national, <a href=\"https:\/\/www.20minutes.fr\/politique\/jordan-bardella\/\" class=\"c-link c-link--is-underlined\" target=\"_blank\" rel=\"noopener\">Jordan Bardella<\/a>, a affirm\u00e9 dimanche sur LCI qu\u2019il souhaitait \u00ab\u00a0faire de la France le pays le plus r\u00e9pressif d\u2019Europe \u00e0 l\u2019\u00e9gard de la d\u00e9linquance et de la criminalit\u00e9\u00a0\u00bb.<\/p>\n<p>\u00ab\u00a0Je souhaite faire de la France le pays le plus r\u00e9pressif d\u2019Europe \u00e0 l\u2019\u00e9gard de la <a href=\"https:\/\/www.20minutes.fr\/dossier\/delinquance\" class=\"c-link c-link--is-underlined\" target=\"_blank\" rel=\"noopener\">d\u00e9linquance<\/a> et de la criminalit\u00e9 qui [\u2026] pourrit la vie de nos compatriotes\u00a0\u00bb, a dit Jordan Bardella, interrog\u00e9 sur le curseur qui serait le sien en mati\u00e8re d&rsquo;autorit\u00e9 et de lutte contre la d\u00e9linquance, dans une \u00e9poque o\u00f9 <a href=\"https:\/\/www.20minutes.fr\/monde\/etats-unis\/4183031-20251102-narcotrafic-trois-morts-nouvelle-frappe-americaine-contre-bateau-trafiquants-presumes\" class=\"c-link c-link--is-underlined\" target=\"_blank\" rel=\"noopener\">les Etats-Unis n\u2019h\u00e9sitent plus \u00e0 \u00ab\u00a0tuer les narcotrafiquants\u00a0\u00bb<\/a> dans des ex\u00e9cutions extrajudiciaires.<\/p>\n<\/p>\n<p>Supprimer les remises automatiques de peines<\/p>\n<p>\u00ab\u00a0La France ne renouera pas avec la prosp\u00e9rit\u00e9 si on ne r\u00e9tablit pas l\u2019ordre et l\u2019autorit\u00e9. [\u2026] C\u2019est la raison pour laquelle moi, je suis pro-police, je suis pro-forces de l\u2019ordre, je suis pro-militaire\u00a0\u00bb, a-t-il r\u00e9pondu. \u00ab\u00a0Il y a des crimes les plus graves\u00a0\u00bb qui devraient conduire leurs auteurs en prison \u00ab\u00a0sans possibilit\u00e9 de sortir\u00a0\u00bb, a-t-il \u00e9galement affirm\u00e9.<\/p>\n<p>\u00ab\u00a0Nous supprimerons les remises automatiques de peines, nous mettrons en \u0153uvre <a href=\"https:\/\/www.20minutes.fr\/societe\/4173257-20250915-policier-agresse-tourcoing-pourquoi-gerald-darmanin-veut-instaurer-peines-minimales\" class=\"c-link c-link--is-underlined\" target=\"_blank\" rel=\"noopener\">des peines planchers<\/a>, nous expulserons les d\u00e9linquants et criminels \u00e9trangers\u00a0\u00bb, a-t-il \u00e9num\u00e9r\u00e9, se disant \u00e9galement favorable \u00e0 un \u00ab\u00a0choc d\u2019autorit\u00e9 dans la soci\u00e9t\u00e9\u00a0\u00bb et au r\u00e9tablissement du service militaire obligatoire.<\/p>\n","protected":false},"excerpt":{"rendered":"Se disant \u00ab\u00a0pro-police\u00a0\u00bb, \u00ab\u00a0pro-forces de l\u2019ordre\u00a0\u00bb et \u00ab\u00a0pro-militaires\u00a0\u00bb, le pr\u00e9sident du Rassemblement national, Jordan Bardella, a affirm\u00e9 dimanche&hellip;\n","protected":false},"author":2,"featured_media":508421,"comment_status":"","ping_status":"","sticky":false,"template":"","format":"standard","meta":{"footnotes":""},"categories":[4],"tags":[47,11,2951,2950,1076,1011,27,1061,1077,12,316,806,2556,25],"class_list":{"0":"post-508420","1":"post","2":"type-post","3":"status-publish","4":"format-standard","5":"has-post-thumbnail","7":"category-france","8":"tag-actualite","9":"tag-actualites","10":"tag-criminalite","11":"tag-delinquance","12":"tag-extreme-droite","13":"tag-fr","14":"tag-france","15":"tag-immigration","16":"tag-jordan-bardella","17":"tag-news","18":"tag-politique","19":"tag-prison","20":"tag-rassemblement-national-rn","21":"tag-republique-francaise"},"share_on_mastodon":{"url":"https:\/\/pubeurope.com\/@fr\/115484684798680841","error":""},"_links":{"self":[{"href":"https:\/\/www.europesays.com\/fr\/wp-json\/wp\/v2\/posts\/508420","targetHints":{"allow":["GET"]}}],"collection":[{"href":"https:\/\/www.europesays.com\/fr\/wp-json\/wp\/v2\/posts"}],"about":[{"href":"https:\/\/www.europesays.com\/fr\/wp-json\/wp\/v2\/types\/post"}],"author":[{"embeddable":true,"href":"https:\/\/www.europesays.com\/fr\/wp-json\/wp\/v2\/users\/2"}],"replies":[{"embeddable":true,"href":"https:\/\/www.europesays.com\/fr\/wp-json\/wp\/v2\/comments?post=508420"}],"version-history":[{"count":0,"href":"https:\/\/www.europesays.com\/fr\/wp-json\/wp\/v2\/posts\/508420\/revisions"}],"wp:featuredmedia":[{"embeddable":true,"href":"https:\/\/www.europesays.com\/fr\/wp-json\/wp\/v2\/media\/508421"}],"wp:attachment":[{"href":"https:\/\/www.europesays.com\/fr\/wp-json\/wp\/v2\/media?parent=508420"}],"wp:term":[{"taxonomy":"category","embeddable":true,"href":"https:\/\/www.europesays.com\/fr\/wp-json\/wp\/v2\/categories?post=508420"},{"taxonomy":"post_tag","embeddable":true,"href":"https:\/\/www.europesays.com\/fr\/wp-json\/wp\/v2\/tags?post=508420"}],"curies":[{"name":"wp","href":"https:\/\/api.w.org\/{rel}","templated":true}]}}