{"id":508425,"date":"2025-11-03T07:56:14","date_gmt":"2025-11-03T07:56:14","guid":{"rendered":"https:\/\/www.europesays.com\/fr\/508425\/"},"modified":"2025-11-03T07:56:14","modified_gmt":"2025-11-03T07:56:14","slug":"aryna-sabalenka-gros-problemes-dargent-confirmes","status":"publish","type":"post","link":"https:\/\/www.europesays.com\/fr\/508425\/","title":{"rendered":"Aryna Sabalenka, gros probl\u00e8mes d\u2019argent confirm\u00e9s\u00a0!"},"content":{"rendered":"<p><strong>La patronne du tennis f\u00e9minin est<br \/>\nmont\u00e9e au cr\u00e9neau pour r\u00e9clamer une meilleure r\u00e9mun\u00e9ration lors des<br \/>\ntournois du Grand Chelem.<\/strong><\/p>\n<p>Incontestable num\u00e9ro une mondiale, Aryna Sabalenka a<br \/>\nparfaitement lanc\u00e9e le Masters f\u00e9minin. Oppos\u00e9e \u00e0 l\u2019Italienne<br \/>\nJasmine Paolini, la Bi\u00e9lorusse l\u2019a emport\u00e9 en deux petits sets<br \/>\n(6-3, 6-1) et \u00e0 peine plus d\u2019une heure de jeu. De quoi lui garantir<br \/>\n355\u00a0000 dollars suppl\u00e9mentaires, la somme pr\u00e9vue pour chaque<br \/>\nvictoire lors de la phase de poules.<\/p>\n<p>En cas de sacre \u00e0 Ryad, la native de Minsk pourrait remporter<br \/>\njusqu\u2019\u00e0 5\u00a0235\u00a0000 dollars. Un joli pactole qui gonflerait<br \/>\nun peu plus ses gains XXL en 2025. Finaliste en Australie et \u00e0<br \/>\nRoland-Garros et vainqueur de l\u2019US Open, Aryna Sabalenka a en effet<br \/>\ncumul\u00e9 plus de 12 millions de dollars de gains cette ann\u00e9e, lui<br \/>\npermettant d\u2019atteindre le total de 42,5 millions en carri\u00e8re.<\/p>\n<p>Mais la patronne du circuit WTA en veut plus. Elle compte parmi<br \/>\nla quarantaine de joueurs et joueuses de premier plan \u00e0 militer<br \/>\npour une augmentation de la dotation des tournois du Grand Chelem,<br \/>\n\u00e0 savoir l\u2019Open d\u2019Australie, Roland-Garros, Wimbledon et l\u2019Open<br \/>\nd\u2019Australie.<\/p>\n<p>Aryna Sabalenka en veut plus<\/p>\n<p>\u00ab\u00a0Les tournois du Grand Chelem repr\u00e9sentent le summum<br \/>\nde notre sport,\u00a0a-t-elle confi\u00e9 lors d\u2019un entretien<br \/>\naccord\u00e9 \u00e0 la\u00a0<a href=\"https:\/\/www.bbc.com\/sport\/tennis\/articles\/cvgvqy12q2do\" rel=\"nofollow noopener\" target=\"_blank\">BBC<\/a>\u00a0.\u00a0Je<br \/>\nleur demande simplement de venir \u00e0 la table des n\u00e9gociations pour<br \/>\ndiscuter et voir si nous pouvons trouver des solutions mutuellement<br \/>\navantageuses.\u00a0\u00bb<\/p>\n<p>Au printemps dernier, une lettre avait \u00e9t\u00e9 adress\u00e9e par les<br \/>\npensionnaires des top 20 ATP et WTA aux organisateurs de l\u2019Open<br \/>\nd\u2019Australie, de Roland-Garros, de Wimbledon et de l\u2019US Open afin de<br \/>\ndemander une plus grande part des profits r\u00e9alis\u00e9s par ces quatre<br \/>\ntournois. Les joueurs et joueuses avaient pris l\u2019exemple de la NBA,<br \/>\nqui garantit aux joueurs 50% des revenus g\u00e9n\u00e9r\u00e9s par la ligue. A<br \/>\nRoland-Garros, avec une dotation globale de 53,5 millions d\u2019euros,<br \/>\nles joueurs ne percevraient que 16% des revenus du tournoi.<\/p>\n","protected":false},"excerpt":{"rendered":"La patronne du tennis f\u00e9minin est mont\u00e9e au cr\u00e9neau pour r\u00e9clamer une meilleure r\u00e9mun\u00e9ration lors des tournois du&hellip;\n","protected":false},"author":2,"featured_media":508426,"comment_status":"","ping_status":"","sticky":false,"template":"","format":"standard","meta":{"footnotes":""},"categories":[1415],"tags":[1011,27,60,1467],"class_list":{"0":"post-508425","1":"post","2":"type-post","3":"status-publish","4":"format-standard","5":"has-post-thumbnail","7":"category-tennis","8":"tag-fr","9":"tag-france","10":"tag-sports","11":"tag-tennis"},"share_on_mastodon":{"url":"https:\/\/pubeurope.com\/@fr\/115484700420542125","error":""},"_links":{"self":[{"href":"https:\/\/www.europesays.com\/fr\/wp-json\/wp\/v2\/posts\/508425","targetHints":{"allow":["GET"]}}],"collection":[{"href":"https:\/\/www.europesays.com\/fr\/wp-json\/wp\/v2\/posts"}],"about":[{"href":"https:\/\/www.europesays.com\/fr\/wp-json\/wp\/v2\/types\/post"}],"author":[{"embeddable":true,"href":"https:\/\/www.europesays.com\/fr\/wp-json\/wp\/v2\/users\/2"}],"replies":[{"embeddable":true,"href":"https:\/\/www.europesays.com\/fr\/wp-json\/wp\/v2\/comments?post=508425"}],"version-history":[{"count":0,"href":"https:\/\/www.europesays.com\/fr\/wp-json\/wp\/v2\/posts\/508425\/revisions"}],"wp:featuredmedia":[{"embeddable":true,"href":"https:\/\/www.europesays.com\/fr\/wp-json\/wp\/v2\/media\/508426"}],"wp:attachment":[{"href":"https:\/\/www.europesays.com\/fr\/wp-json\/wp\/v2\/media?parent=508425"}],"wp:term":[{"taxonomy":"category","embeddable":true,"href":"https:\/\/www.europesays.com\/fr\/wp-json\/wp\/v2\/categories?post=508425"},{"taxonomy":"post_tag","embeddable":true,"href":"https:\/\/www.europesays.com\/fr\/wp-json\/wp\/v2\/tags?post=508425"}],"curies":[{"name":"wp","href":"https:\/\/api.w.org\/{rel}","templated":true}]}}