{"id":508431,"date":"2025-11-03T08:02:11","date_gmt":"2025-11-03T08:02:11","guid":{"rendered":"https:\/\/www.europesays.com\/fr\/508431\/"},"modified":"2025-11-03T08:02:11","modified_gmt":"2025-11-03T08:02:11","slug":"joyce-jonathan-sa-relation-de-19-ans-avec-michael-goldman","status":"publish","type":"post","link":"https:\/\/www.europesays.com\/fr\/508431\/","title":{"rendered":"Joyce Jonathan : sa relation de 19 ans avec Michael Goldman"},"content":{"rendered":"<p><strong>Ce 3 novembre 2025, Joyce Jonathan f\u00eate ses 36 ans.<\/strong> C\u2019est un anniversaire un peu particulier pour la chanteuse : le premier depuis l\u2019annonce de sa s\u00e9paration. En septembre dernier, au micro des Grosses T\u00eates sur RTL, <a href=\"https:\/\/vsd.fr\/87168-joyce-jonathan-cest-fini\/\" rel=\"nofollow noopener\" target=\"_blank\">elle r\u00e9v\u00e9lait s\u2019\u00eatre s\u00e9par\u00e9e<\/a> du pianiste <strong>Martial Paoli<\/strong>, le p\u00e8re de <strong>Ghjulia<\/strong>, leur fille de bient\u00f4t cinq ans. <\/p>\n<p>\u00ab\u00a0Je reprends doucement ma vie de femme\u00a0\u00bb, confiait alors pudiquement celle qui a toujours \u00e9voqu\u00e9 sa vie sentimentale dans ses chansons. Et au c\u0153ur de son projet musical, un nom revient depuis toujours : <strong>Michael Goldman<\/strong>, son premier producteur, son mentor, presque un fr\u00e8re.<\/p>\n<p>\u00c0 16 ans, Joyce Jonathan n\u2019est encore qu\u2019une lyc\u00e9enne timide qui \u00e9crit ses premi\u00e8res chansons dans sa chambre. Nous sommes en 2006, \u00e0 l\u2019\u00e9poque de <strong>MySpace<\/strong>, ce r\u00e9seau social pr\u00e9curseur o\u00f9 se croisent musiciens et fans. La jeune chanteuse y poste trois compositions originales et ose envoyer un message \u00e0 <strong>Michael Goldman<\/strong>, fils du l\u00e9gendaire <strong>Jean-Jacques Goldman<\/strong>, tout juste cofondateur d\u2019un label participatif innovant : <strong>My Major Company<\/strong>.<\/p>\n<p><strong>Sous l\u2019aile de Michael Goldman<\/strong><\/p>\n<p>Michael Goldman est s\u00e9duit. Il l\u2019invite \u00e0 venir jouer quelques titres dans son bureau. \u00ab\u00a0J\u2019\u00e9tais morte de trac, je suis arriv\u00e9e avec ma guitare et j\u2019ai chant\u00e9 Pas besoin de toi\u00a0\u00bb, racontera-t-elle des ann\u00e9es plus tard sur Europe 1. L\u2019\u00e9quipe du label flaire le potentiel. En 2008, \u00e0 18 ans, Joyce Jonathan atteint en quelques mois les <strong>70 000 euros<\/strong> n\u00e9cessaires \u00e0 la production de son premier album gr\u00e2ce \u00e0 486 internautes-producteurs. Une prouesse in\u00e9dite \u00e0 l\u2019\u00e9poque.<\/p>\n<p>Gr\u00e2ce \u00e0 son mentor, Joyce Jonathan enregistre <strong>Sur mes gardes<\/strong>, un disque produit avec <strong>Louis Bertignac<\/strong>, ancien guitariste de T\u00e9l\u00e9phone. Sorti en janvier 2010, l\u2019album devient rapidement <strong>disque d\u2019or<\/strong>, puis <strong>disque de platine<\/strong> quelques mois plus tard. Le titre L\u2019heure avait sonn\u00e9 se retrouve m\u00eame dans la bande originale de la s\u00e9rie am\u00e9ricaine Gossip Girl.<\/p>\n<p>\u00c0 21 ans, Joyce remporte le <strong>NRJ Music Award de la r\u00e9v\u00e9lation francophone de l\u2019ann\u00e9e<\/strong>, ainsi que le <strong>Grand prix de l\u2019UNAC<\/strong> pour son \u00e9criture. Pour Michael Goldman, la fiert\u00e9 est immense : son pari sur cette adolescente autodidacte est gagn\u00e9. L\u2019un et l\u2019autre continuent \u00e0 se fr\u00e9quenter, \u00e0 \u00e9changer, m\u00eame apr\u00e8s qu\u2019elle quitte <strong>My Major Company<\/strong> pour signer chez <strong>Polydor (Universal)<\/strong> en 2012.<\/p>\n<p>Ce que Joyce Jonathan lui doit<\/p>\n<p><strong>\u00ab\u00a0Michael m\u2019a guid\u00e9e d\u00e8s mes d\u00e9buts.<\/strong> Il a toujours cru en moi, il m\u2019a appris \u00e0 me faire confiance\u00a0\u00bb, dira-t-elle encore en 2022. Quinze ans plus tard, leur lien reste intact.<\/p>\n<p>En 2022, les deux artistes se retrouvent pour collaborer \u00e0 nouveau sur le cinqui\u00e8me album de Joyce Jonathan. \u00ab\u00a0On est rest\u00e9s en contact pendant toutes ces ann\u00e9es. On s\u2019est toujours ador\u00e9s. Aujourd\u2019hui, je le consid\u00e8re comme un grand fr\u00e8re\u00a0\u00bb, confiait-elle sur Europe 1.<\/p>\n<p>Loin d\u2019un simple duo artistique, leur complicit\u00e9 t\u00e9moigne d\u2019une affection sinc\u00e8re. Michael Goldman, d\u00e9sormais <strong>directeur de la Star Academy sur TF1<\/strong>, n\u2019a jamais cach\u00e9 son admiration pour la pers\u00e9v\u00e9rance de la chanteuse : \u00ab\u00a0Joyce avait d\u00e9j\u00e0 cette maturit\u00e9 incroyable \u00e0 16 ans\u00a0\u00bb. Pour lui, qui a fait \u00e9merger d\u2019autres talents \u2014 et m\u00eame produit l\u2019humoriste <strong>Max Boublil<\/strong> \u2014, elle reste l\u2019un de ses plus beaux souvenirs de producteur.<\/p>\n<p><strong>Des amours sous les projecteurs<\/strong><\/p>\n<p>Mais en parall\u00e8le de sa carri\u00e8re, c&rsquo;est bien la vie amoureuse de Joyce Jonathan, qui a souvent fascin\u00e9 le public. Elle n&rsquo;a jamais \u00e9t\u00e9 avare de confidences, de ce c\u00f4t\u00e9 l\u00e0. En effet, elle a \u00e9voqu\u00e9 avec tendresse son <strong>\u00ab\u00a0amourette d\u2019\u00e9cole\u00a0\u00bb avec Gabriel Attal<\/strong>, bien avant que celui-ci ne devienne Premier ministre. Puis, en 2012, c\u2019est sa romance avec <strong>Thomas Hollande<\/strong>, le fils du pr\u00e9sident de la R\u00e9publique, qui attire tous les regards.<\/p>\n<p><strong>\u00ab\u00a0Parfois, j\u2019avais l\u2019impression de n\u2019\u00eatre plus la chanteuse, mais la petite amie du fils de\u2026\u00a0\u00bb,<\/strong> expliquait-elle \u00e0 Chez Jordan. Surm\u00e9diatis\u00e9e, cette relation de deux ans se terminera en 2014. Deux ans plus tard, elle en gardait un souvenir doux-amer : \u00ab\u00a0Le couple, c\u2019est une bulle. Quand elle \u00e9clate dans les magazines, \u00e7a devient impossible \u00e0 vivre\u00a0\u00bb. <\/p>\n<p>C&rsquo;est donc pour pallier cet engouement qu&rsquo;elle a d&rsquo;ores et d\u00e9j\u00e0 annonc\u00e9 qu&rsquo;elle s&rsquo;\u00e9tait s\u00e9par\u00e9e de son dernier compagnon. Aujourd\u2019hui, Joyce Jonathan est pass\u00e9e \u00e0 autre chose. Entre sa fille, ses projets artistiques et ses nouvelles chansons, elle semble pr\u00eate \u00e0 \u00e9crire un nouveau chapitre. Retrouvera-t-elle <a href=\"https:\/\/www.public.fr\/mehdi-star-academy-son-lien-tout-particulier-avec-michael-goldman-quil-connaissait-bien-avant-lemission\" rel=\"nofollow noopener\" target=\"_blank\">Michael Goldman, encore tr\u00e8s occup\u00e9 \u00e0 la Star Academy<\/a> ? Affaire \u00e0 suivre&#8230;<\/p>\n<p>\n          Hits &amp; People en continu\n        <\/p>\n<p>\n          Public Radio\n        <\/p>\n<p>      Mentionn\u00e9s dans cet article<\/p>\n<p>      Sur le m\u00eame sujet<\/p>\n","protected":false},"excerpt":{"rendered":"Ce 3 novembre 2025, Joyce Jonathan f\u00eate ses 36 ans. C\u2019est un anniversaire un peu particulier pour la&hellip;\n","protected":false},"author":2,"featured_media":508432,"comment_status":"","ping_status":"","sticky":false,"template":"","format":"standard","meta":{"footnotes":""},"categories":[1359],"tags":[58,59,1011,27,17032,18439,63020,973,5095],"class_list":{"0":"post-508431","1":"post","2":"type-post","3":"status-publish","4":"format-standard","5":"has-post-thumbnail","7":"category-people","8":"tag-divertissement","9":"tag-entertainment","10":"tag-fr","11":"tag-france","12":"tag-joyce-jonathan","13":"tag-michael-goldman","14":"tag-my-major-company","15":"tag-people","16":"tag-star-academy"},"share_on_mastodon":{"url":"https:\/\/pubeurope.com\/@fr\/115484724009435904","error":""},"_links":{"self":[{"href":"https:\/\/www.europesays.com\/fr\/wp-json\/wp\/v2\/posts\/508431","targetHints":{"allow":["GET"]}}],"collection":[{"href":"https:\/\/www.europesays.com\/fr\/wp-json\/wp\/v2\/posts"}],"about":[{"href":"https:\/\/www.europesays.com\/fr\/wp-json\/wp\/v2\/types\/post"}],"author":[{"embeddable":true,"href":"https:\/\/www.europesays.com\/fr\/wp-json\/wp\/v2\/users\/2"}],"replies":[{"embeddable":true,"href":"https:\/\/www.europesays.com\/fr\/wp-json\/wp\/v2\/comments?post=508431"}],"version-history":[{"count":0,"href":"https:\/\/www.europesays.com\/fr\/wp-json\/wp\/v2\/posts\/508431\/revisions"}],"wp:featuredmedia":[{"embeddable":true,"href":"https:\/\/www.europesays.com\/fr\/wp-json\/wp\/v2\/media\/508432"}],"wp:attachment":[{"href":"https:\/\/www.europesays.com\/fr\/wp-json\/wp\/v2\/media?parent=508431"}],"wp:term":[{"taxonomy":"category","embeddable":true,"href":"https:\/\/www.europesays.com\/fr\/wp-json\/wp\/v2\/categories?post=508431"},{"taxonomy":"post_tag","embeddable":true,"href":"https:\/\/www.europesays.com\/fr\/wp-json\/wp\/v2\/tags?post=508431"}],"curies":[{"name":"wp","href":"https:\/\/api.w.org\/{rel}","templated":true}]}}