{"id":508437,"date":"2025-11-03T08:06:15","date_gmt":"2025-11-03T08:06:15","guid":{"rendered":"https:\/\/www.europesays.com\/fr\/508437\/"},"modified":"2025-11-03T08:06:15","modified_gmt":"2025-11-03T08:06:15","slug":"les-feministes-qui-prennent-ca-au-pied-de-la-lettre-sont-des","status":"publish","type":"post","link":"https:\/\/www.europesays.com\/fr\/508437\/","title":{"rendered":"Les f\u00e9ministes qui prennent \u00e7a au pied de la lettre sont des&#8230;"},"content":{"rendered":"<p><strong>Coup de gueule<\/strong>. <a href=\"https:\/\/www.journaldesfemmes.fr\/people\/personnalites\/2778165-michel-sardou-femme-age-tournee-mariages-johnny-business-mort-enfants-77-ans\/\" title=\"Michel Sardou\" target=\"_blank\" rel=\"noopener\">Michel Sardou<\/a> ne supporte pas d&rsquo;\u00eatre qualifi\u00e9 de machiste et de sexiste, en raison notamment de certaines de ses chansons, par des f\u00e9ministes. \u00ab\u00a0Elles ont toujours tort les f\u00e9ministes. Je dis une chose sur sc\u00e8ne, mais c&rsquo;est comme une pi\u00e8ce de th\u00e9\u00e2tre, je joue un r\u00f4le. Je ne suis pas exactement ce que je suis, je ne dis pas qui je suis. Je peux avoir une position dans une chanson, puis le contraire dans la chanson qui suit. Pour moi, c&rsquo;est un m\u00e9tier de menteur. Les f\u00e9ministes qui prennent \u00e7a au pied de la lettre sont des connes\u00a0\u00bb, a ass\u00e9n\u00e9 le chanteur de 78 ans\u00a0dans\u00a0Sept \u00e0 Huit.<\/p>\n","protected":false},"excerpt":{"rendered":"Coup de gueule. Michel Sardou ne supporte pas d&rsquo;\u00eatre qualifi\u00e9 de machiste et de sexiste, en raison notamment&hellip;\n","protected":false},"author":2,"featured_media":508438,"comment_status":"","ping_status":"","sticky":false,"template":"","format":"standard","meta":{"footnotes":""},"categories":[1355],"tags":[63021,51761,58,59,52292,1011,27,51766,1031,30040,1361,873],"class_list":{"0":"post-508437","1":"post","2":"type-post","3":"status-publish","4":"format-standard","5":"has-post-thumbnail","7":"category-musique","8":"tag-cms-journaldesfemmes-3246152","9":"tag-controller-content","10":"tag-divertissement","11":"tag-entertainment","12":"tag-format-reportage","13":"tag-fr","14":"tag-france","15":"tag-les-histoires-du-jdf","16":"tag-magazine","17":"tag-michel-sardou","18":"tag-music","19":"tag-musique"},"share_on_mastodon":{"url":"https:\/\/pubeurope.com\/@fr\/115484740185289191","error":""},"_links":{"self":[{"href":"https:\/\/www.europesays.com\/fr\/wp-json\/wp\/v2\/posts\/508437","targetHints":{"allow":["GET"]}}],"collection":[{"href":"https:\/\/www.europesays.com\/fr\/wp-json\/wp\/v2\/posts"}],"about":[{"href":"https:\/\/www.europesays.com\/fr\/wp-json\/wp\/v2\/types\/post"}],"author":[{"embeddable":true,"href":"https:\/\/www.europesays.com\/fr\/wp-json\/wp\/v2\/users\/2"}],"replies":[{"embeddable":true,"href":"https:\/\/www.europesays.com\/fr\/wp-json\/wp\/v2\/comments?post=508437"}],"version-history":[{"count":0,"href":"https:\/\/www.europesays.com\/fr\/wp-json\/wp\/v2\/posts\/508437\/revisions"}],"wp:featuredmedia":[{"embeddable":true,"href":"https:\/\/www.europesays.com\/fr\/wp-json\/wp\/v2\/media\/508438"}],"wp:attachment":[{"href":"https:\/\/www.europesays.com\/fr\/wp-json\/wp\/v2\/media?parent=508437"}],"wp:term":[{"taxonomy":"category","embeddable":true,"href":"https:\/\/www.europesays.com\/fr\/wp-json\/wp\/v2\/categories?post=508437"},{"taxonomy":"post_tag","embeddable":true,"href":"https:\/\/www.europesays.com\/fr\/wp-json\/wp\/v2\/tags?post=508437"}],"curies":[{"name":"wp","href":"https:\/\/api.w.org\/{rel}","templated":true}]}}