{"id":508445,"date":"2025-11-03T08:11:13","date_gmt":"2025-11-03T08:11:13","guid":{"rendered":"https:\/\/www.europesays.com\/fr\/508445\/"},"modified":"2025-11-03T08:11:13","modified_gmt":"2025-11-03T08:11:13","slug":"mort-de-renaud-revel-ancien-redacteur-en-chef-de-lexpress-et-chroniqueur-de-tpmp","status":"publish","type":"post","link":"https:\/\/www.europesays.com\/fr\/508445\/","title":{"rendered":"Mort de Renaud Revel, ancien r\u00e9dacteur en chef de \u00ab\u00a0L\u2019Express\u00a0\u00bb et chroniqueur de \u00ab\u00a0TPMP\u00a0\u00bb"},"content":{"rendered":"<p>        <img decoding=\"async\" loading=\"lazy\" src=\"https:\/\/www.europesays.com\/fr\/wp-content\/uploads\/2025\/11\/891d8bf_upload-1-igwkr1rwvjae-afp-20200117-chlflo-011320-v1-highres-renaudrevel.jpg\"  width=\"728\" height=\"409\" alt=\"Renaud Revel, photographi\u00e9 ici le 2 juin 2010,\u00a0lors de l\u2019enregistrement de l\u2019emission de radio \u00ab\u00a0On repeint la musique\u00a0\u00bb, sur France Bleu. \"\/>  <\/p>\n<p>PHOTOTHEQUE LECOEUVRE \/ Collection ChristopheL via AFP<\/p>\n<p>Renaud Revel, photographi\u00e9 ici le 2 juin 2010,\u00a0lors de l\u2019enregistrement de l\u2019emission de radio \u00ab\u00a0On repeint la musique\u00a0\u00bb, sur France Bleu. <\/p>\n<p class=\"asset asset-text\">M\u00c9DIAS &#8211; Renaud Revel venait de terminer l\u2019\u00e9criture d\u2019un nouveau livre pr\u00e9vu pour le mois de janvier. Celui-ci para\u00eetra donc \u00e0 titre posthume, puisque le <a href=\"https:\/\/www.huffingtonpost.fr\/international\/article\/antoni-lallican-un-photojournaliste-francais-tue-en-ukraine-dans-une-attaque-de-drones_255577.html\" rel=\"nofollow noopener\" target=\"_blank\">journaliste fran\u00e7ais<\/a>, ancien r\u00e9dacteur en chef de <a href=\"https:\/\/www.huffingtonpost.fr\/medias\/article\/attribution-des-frequences-tnt-l-express-depose-une-candidature-in-extremis_233960.html\" rel=\"nofollow noopener\" target=\"_blank\">L\u2019Express<\/a>, est mort ce dimanche 2\u00a0novembre \u00e0 l\u2019\u00e2ge de 71\u00a0ans \u00e0 Neuilly-sur-Seine.<\/p>\n<p class=\"asset asset-text\">C\u2019est la famille du journaliste qui a annonc\u00e9 \u00e0 l\u2019AFP sa disparition, des suites d\u2019une longue maladie.<\/p>\n<p class=\"asset asset-text\">Journaliste, documentariste mais aussi \u00e9crivain, il devait publier au mois de janvier l\u2019ouvrage Homo politicus (First \u00c9ditions). Un livre pr\u00e9sent\u00e9 comme un tour d\u2019horizon de <a href=\"https:\/\/www.huffingtonpost.fr\/politique\/article\/homos-en-politique-le-dire-ou-pas-sur-france-5-ce-docu-sur-un-sujet-aussi-intime-que-politique-merite-d-etre-vu-clx1_256504.html\" rel=\"nofollow noopener\" target=\"_blank\">l\u2019homosexualit\u00e9 en politique<\/a>, des ann\u00e9es Charles de\u00a0Gaulle \u00e0 celles d\u2019Emmanuel Macron.<\/p>\n<p class=\"asset asset-text\">Mais bien avant ce dernier livre, Renaud Revel avait commenc\u00e9 sa carri\u00e8re au quotidien L\u2019Aurore\u00a0en 1978, puis au Matin de Paris. De 1998 \u00e0 2016, il avait ensuite travaill\u00e9 pour le magazine L\u2019Express, en devenant le r\u00e9dacteur en chef et responsable de la rubrique m\u00e9dias. Et ce, jusqu\u2019en mars\u00a02016.<\/p>\n<p>                     Des plateaux de C8\u00a0aux documentaires    <\/p>\n<p class=\"asset asset-text\">Une casquette m\u00e9dia qui lui avait notamment <a href=\"https:\/\/www.huffingtonpost.fr\/medias\/article\/tpmp-recrute-rachid-arhab-ancien-membre-du-csa-parmi-ses-nouveaux-chroniqueurs_104279.html\" rel=\"nofollow noopener\" target=\"_blank\">ouvert en 2017\u00a0les portes de l\u2019\u00e9mission<\/a>\u00a0Touche pas \u00e0 mon poste, <a href=\"https:\/\/www.huffingtonpost.fr\/divertissement\/article\/les-propos-racistes-de-pierre-jean-chalencon-sur-le-plateau-de-cyril-hanouna-signales-a-l-arcom_256625.html\" rel=\"nofollow noopener\" target=\"_blank\">anim\u00e9e par Cyril Hanouna<\/a>, sur C8. En t\u00e9l\u00e9vision, il \u00e9tait \u00e9galement possible de le voir appara\u00eetre comme chroniqueur dans l\u2019\u00e9mission C\u2019est que de la t\u00e9l\u00e9, toujours sur C8, au c\u00f4t\u00e9 de Julien Courbet.<\/p>\n<p class=\"asset asset-text\">Comme \u00e9voqu\u00e9 plus t\u00f4t, c\u2019est aussi dans le documentaire que Renaud Revel s\u2019est particuli\u00e8rement illustr\u00e9. Il avait ainsi cor\u00e9alis\u00e9 plusieurs documentaires, dont en 2022 Derniers jours \u00e0 Matignon, consacr\u00e9 \u00e0 l\u2019<a href=\"https:\/\/www.huffingtonpost.fr\/france\/article\/jean-castex-aux-commandes-de-la-sncf-c-est-officiel_256284.html\" rel=\"nofollow noopener\" target=\"_blank\">ancien Premier ministre Jean Castex<\/a>. Ou plus r\u00e9cemment encore Une page de pub, consacr\u00e9 \u00e0 une longue discussion entre des jeunes \u00e2ges de 18\u00a0\u00e0 22\u00a0ans et <a href=\"https:\/\/www.huffingtonpost.fr\/jacques-seguela\/\" rel=\"nofollow noopener\" target=\"_blank\">Jacques S\u00e9gu\u00e9la<\/a>, figure embl\u00e9matique de la publicit\u00e9 fran\u00e7aise.<\/p>\n<p class=\"asset asset-text\">C\u00f4t\u00e9 \u00e9criture, outre ce dernier livre \u00e0 para\u00eetre sur l\u2019homosexualit\u00e9 en politique, on lui doit aussi les livres Les cardinaux de l\u2019\u00c9lys\u00e9e\u00a0et\u00a0Les Amazones de la R\u00e9publique, ainsi que des biographies de Claude Chirac (L\u2019\u00c9g\u00e9rie) et d\u2019Anne Sinclair (Madame DSK). Avec Catherine\u00a0Rambert, il avait aussi publi\u00e9 Johnny, les 100\u00a0jours o\u00f9 tout a bascul\u00e9 sur le chanteur Johnny Hallyday en 2010.<\/p>\n","protected":false},"excerpt":{"rendered":"PHOTOTHEQUE LECOEUVRE \/ Collection ChristopheL via AFP Renaud Revel, photographi\u00e9 ici le 2 juin 2010,\u00a0lors de l\u2019enregistrement de&hellip;\n","protected":false},"author":2,"featured_media":508446,"comment_status":"","ping_status":"","sticky":false,"template":"","format":"standard","meta":{"footnotes":""},"categories":[8],"tags":[251,58,59,1011,27,2957,7805,500,4849,252,550],"class_list":{"0":"post-508445","1":"post","2":"type-post","3":"status-publish","4":"format-standard","5":"has-post-thumbnail","7":"category-divertissement","8":"tag-culture","9":"tag-divertissement","10":"tag-entertainment","11":"tag-fr","12":"tag-france","13":"tag-journaliste","14":"tag-lexpress","15":"tag-medias","16":"tag-morts-en-2025","17":"tag-television","18":"tag-tpmp"},"share_on_mastodon":{"url":"https:\/\/pubeurope.com\/@fr\/115484759967046848","error":""},"_links":{"self":[{"href":"https:\/\/www.europesays.com\/fr\/wp-json\/wp\/v2\/posts\/508445","targetHints":{"allow":["GET"]}}],"collection":[{"href":"https:\/\/www.europesays.com\/fr\/wp-json\/wp\/v2\/posts"}],"about":[{"href":"https:\/\/www.europesays.com\/fr\/wp-json\/wp\/v2\/types\/post"}],"author":[{"embeddable":true,"href":"https:\/\/www.europesays.com\/fr\/wp-json\/wp\/v2\/users\/2"}],"replies":[{"embeddable":true,"href":"https:\/\/www.europesays.com\/fr\/wp-json\/wp\/v2\/comments?post=508445"}],"version-history":[{"count":0,"href":"https:\/\/www.europesays.com\/fr\/wp-json\/wp\/v2\/posts\/508445\/revisions"}],"wp:featuredmedia":[{"embeddable":true,"href":"https:\/\/www.europesays.com\/fr\/wp-json\/wp\/v2\/media\/508446"}],"wp:attachment":[{"href":"https:\/\/www.europesays.com\/fr\/wp-json\/wp\/v2\/media?parent=508445"}],"wp:term":[{"taxonomy":"category","embeddable":true,"href":"https:\/\/www.europesays.com\/fr\/wp-json\/wp\/v2\/categories?post=508445"},{"taxonomy":"post_tag","embeddable":true,"href":"https:\/\/www.europesays.com\/fr\/wp-json\/wp\/v2\/tags?post=508445"}],"curies":[{"name":"wp","href":"https:\/\/api.w.org\/{rel}","templated":true}]}}